{"id":103412,"date":"2026-02-28T21:46:10","date_gmt":"2026-02-28T20:46:10","guid":{"rendered":"https:\/\/usagers-transports.haut-allier.eu\/?ligne-des-cevennes-en-aura-pendant,1260.html"},"modified":"2026-02-28T21:46:10","modified_gmt":"2026-02-28T20:46:10","slug":"ligne-des-cevennes-en-aura-pendant-les-interruptions-de-trafic-sncf-de-2-mois-debrouillez-vous","status":"publish","type":"post","link":"https:\/\/massif-central.nous-voyageurs.eu\/?p=103412","title":{"rendered":"Ligne des C\u00e9vennes\u00a0: en AuRA, pendant les interruptions de trafic SNCF de 2 mois, d\u00e9brouillez vous\u00a0!"},"content":{"rendered":"<p><img src='https:\/\/usagers-transports.haut-allier.eu\/local\/cache-vignettes\/L150xH108\/logoearhpltpt-a6ea3.jpg?1772312540' class='spip_logo spip_logo_right' width='150' height='108' alt=\"\" \/><\/p>\n<div class='rss_texte'>\n<p>Pour ne pas \u00eatre vulgaire&#8230;<\/p>\n<p><span class=\"caps\">SNCF<\/span> Voyageurs et <span class=\"caps\">SNCF<\/span> <span class=\"caps\">TER<\/span> sont dans l&rsquo;obligation en cas de coupure du trafic pour travaux de proposer un moyen alternatif de d\u00e9placement. Dans les gorges de l&rsquo;Allier ce ne sont pas des bus de substitution car ceux-ci refusent d&rsquo;allonger leur parcours et d&rsquo;y descendre, ce ne sont pas non plus des minibus exp\u00e9riment\u00e9s en un temps, non, ce sont des taxis \u00e0 la demande, le fameux service <span class=\"caps\">TAD<\/span>, <strong>qu&rsquo;il faut commander la veille<\/strong> de son d\u00e9placement au minimum.<\/p>\n<p>Ce syst\u00e8me a fonctionn\u00e9 correctement durant des d\u00e9cennies, mais alors que les taxis command\u00e9s \u00e9taient choisis par <span class=\"caps\">SNCF<\/span> <span class=\"caps\">TER<\/span> (Occitanie ou Auvergne Rh\u00f4ne Alpes), les r\u00e9gions et la <span class=\"caps\">SNCF<\/span> ont voulu sous-traiter ce service \u00e0 une soci\u00e9t\u00e9 priv\u00e9e nationale Allocab. D\u00e8s la premi\u00e8re ann\u00e9e du changement, il y a deux ans, de nombreux dysfonctionnements avaient eu lieu et nous les avions signal\u00e9 en s\u00e9ance publique \u00e0 Monsieur Fr\u00e9d\u00e9ric Aguilera, vice-pr\u00e9sident charg\u00e9 des transports \u00e0 la r\u00e9gion, et \u00e0 <span class=\"caps\">SNCF<\/span> <span class=\"caps\">TER<\/span> AuRA. Malgr\u00e9 les promesses, nous nous apercevons que les m\u00eames manquements persistent et qu&rsquo;aucune mesure n&rsquo;a \u00e9t\u00e9 prise.<\/p>\n<p>Cela en dit long sur la consid\u00e9ration que nous portent cette r\u00e9gion et cette direction <span class=\"caps\">SNCF<\/span>.<\/p>\n<p>Mais \u00e9coutons plut\u00f4t le r\u00e9cent et \u00e9difiant r\u00e9cit de cette habitante de Monistrol d&rsquo;Allier\u00a0:<\/p>\n<blockquote class=\"spip\">\n<p><span style=\"color:#FF0000;\">\u00ab<small class=\"fine d-inline\">\u00a0<\/small>Ma r\u00e9clamation a \u00e9t\u00e9 envoy\u00e9e le 26\/02\/2026.<\/span><\/p>\n<p><span style=\"color:#FF0000;\">Le taxi \u00e0 la demande Monistrol d&rsquo;Allier &#8211; Langeac a \u00e9t\u00e9 command\u00e9 le 24\/02 et valid\u00e9 par l&rsquo;agent <span class=\"caps\">TER<\/span> <span class=\"caps\">AURA<\/span>.<\/span><\/p>\n<p><span style=\"color:#FF0000;\">Allocab annule la course le 25 vers midi. Raison invoqu\u00e9e\u00a0: les taxis refusent de faire des courses de moins de 50 km. Apr\u00e8s discussion, Allocab indique qu&rsquo;il y a peut \u00eatre une solution et que je serai rappel\u00e9e dans l&rsquo;apr\u00e8s midi. <\/span><\/p>\n<p><span style=\"color:#FF0000;\">Aucun rappel n&rsquo;a \u00e9t\u00e9 fait. Ce matin 26\/02, je rappelle Allocab qui me disent que la course ayant \u00e9t\u00e9 annul\u00e9e hier, il faut une nouvelle r\u00e9servation de la part de <span class=\"caps\">SNCF<\/span> Aura. Cependant mon interlocuteur dit encore avoir peut \u00eatre une solution et qu&rsquo;il me rappelle, ce qui n&rsquo;a pas \u00e9t\u00e9 fait. <\/span><\/p>\n<p><span style=\"color:#FF0000;\">J&rsquo;ai donc du faire le trajet Monistrol d&rsquo;Allier-Langeac avec un v\u00e9hicule personnel et r\u00e9organiser mon trajet retour depuis Paris, pr\u00e9vu le 1<sup class=\"typo_exposants\">er<\/sup>\u00a0mars.<\/span><\/p>\n<p><span style=\"color:#FF0000;\">Si le service de taxi \u00e0 la demande ne fonctionne qu&rsquo;a partir de 50 km, il exclue les trajets depuis Chapeauroux, Alleyras ou Monistrol vers Langeac. De m\u00eame dans l&rsquo;autre sens, les trois gares sont distantes de moins de 50 km de Langogne.<\/span><\/p>\n<p><span style=\"color:#FF0000;\">Deux solutions\u00a0: obliger les taxis \u00e0 assurer ces courses ou mettre en place une relation en minibus Langogne- Langeac et retour comme c&rsquo;\u00e9tait le cas lors de pr\u00e9c\u00e9dentes coupures de ligne.<\/span><\/p>\n<p><span style=\"color:#FF0000;\">Devant les annulations de taxi r\u00e9p\u00e9t\u00e9es lors des coupures de ligne des ann\u00e9es pr\u00e9c\u00e9dentes, je vous exhorte \u00e0 trouver une solution \u00e0 ce probl\u00e8me qui p\u00e9jore grandement le service attendu par les habitants de ces petites communes.<small class=\"fine d-inline\">\u00a0<\/small>\u00bb<\/span><\/p>\n<\/blockquote>\n<p>La r\u00e9ponse re\u00e7ue le 27\u00a0f\u00e9vrier dernier\u00a0:<\/p>\n<figure class='spip_document_4246 spip_documents spip_documents_center' style=\"max-width:falsepx;\" data-w=\"false\"> <a href='https:\/\/usagers-transports.haut-allier.eu\/IMG\/jpg\/reponse-sncf-auvergne-rhone-alpes-a-reclamation.jpg' arial-label=\"\" class=\"fond mediabox\" type=\"image\/jpeg\" data-photo-w=\"1058\" data-photo-h=\"1496\" > <picture style='padding:0;padding-bottom:141.3988657845%' class='conteneur_image_responsive_h'><img src='https:\/\/usagers-transports.haut-allier.eu\/local\/cache-vignettes\/L24xH24\/rien-0c5e2.gif?1771681092' alt='' data-src='https:\/\/usagers-transports.haut-allier.eu\/IMG\/jpg\/reponse-sncf-auvergne-rhone-alpes-a-reclamation.jpg' data-l='1058' data-h='1496' data-tailles='[\\\"false\\\"]' class='image_responsive' width='24' height='24' \/><\/picture> <\/a> <\/figure>\n<p><strong>On remarquera la r\u00e9ponse type balanc\u00e9e par la <span class=\"caps\">SNCF<\/span> Auvergne Rh\u00f4ne Alpes qui nous parle de travaux sur des cat\u00e9naires alors qu&rsquo;aucune section n&rsquo;est \u00e9lectrifi\u00e9e sur la ligne des C\u00e9vennes.<\/p>\n<p>Et si ce n&rsquo;\u00e9tait que \u00e7a<small class=\"fine d-inline\">\u00a0<\/small>! On serait immensemment ravis de conna\u00eetre le d\u00e9tail des travaux pour 2026 sur la r\u00e9gion AuRA et sur la ligne des C\u00e9vennes, alors que ces travaux avec coupure ont d\u00e9but\u00e9<small class=\"fine d-inline\">\u00a0<\/small>! En effet la carte des chantiers 2026 en Auvergne Rh\u00f4ne Alpes n&rsquo;a pas \u00e9t\u00e9 diffus\u00e9e cette ann\u00e9e alors qu&rsquo;elle l&rsquo;a \u00e9t\u00e9 en Occitanie.<\/p>\n<p>La voici, ci-dessous d&rsquo;ailleurs\u00a0:<\/strong><\/p>\n<figure class='spip_document_4247 spip_documents spip_documents_center' style=\"max-width:falsepx;\" data-w=\"false\"> <a href='https:\/\/usagers-transports.haut-allier.eu\/IMG\/jpg\/occitanie-carte-des-principaux-chantiers-2026-r.jpg' arial-label=\"\" class=\"fond mediabox\" type=\"image\/jpeg\" data-photo-w=\"1984\" data-photo-h=\"1403\" > <picture style='padding:0;padding-bottom:70.715725806452%' class='conteneur_image_responsive_h'><img src='https:\/\/usagers-transports.haut-allier.eu\/local\/cache-vignettes\/L24xH24\/rien-0c5e2.gif?1771681092' alt='' data-src='https:\/\/usagers-transports.haut-allier.eu\/IMG\/jpg\/occitanie-carte-des-principaux-chantiers-2026-r.jpg' data-l='1984' data-h='1403' data-tailles='[\\\"false\\\"]' class='image_responsive' width='24' height='24' \/><\/picture> <\/a> <\/figure>\n<figure class='spip_document_4248 spip_documents spip_documents_center' style=\"max-width:falsepx;\" data-w=\"false\"> <a href='https:\/\/usagers-transports.haut-allier.eu\/IMG\/jpg\/occitanie-carte-des-principaux-chantiers-2026-v.jpg' arial-label=\"\" class=\"fond mediabox\" type=\"image\/jpeg\" data-photo-w=\"1984\" data-photo-h=\"1403\" > <picture style='padding:0;padding-bottom:70.715725806452%' class='conteneur_image_responsive_h'><img src='https:\/\/usagers-transports.haut-allier.eu\/local\/cache-vignettes\/L24xH24\/rien-0c5e2.gif?1771681092' alt='' data-src='https:\/\/usagers-transports.haut-allier.eu\/IMG\/jpg\/occitanie-carte-des-principaux-chantiers-2026-v.jpg' data-l='1984' data-h='1403' data-tailles='[\\\"false\\\"]' class='image_responsive' width='24' height='24' \/><\/picture> <\/a> <\/figure>\n<\/div>\n","protected":false},"excerpt":{"rendered":"<p>Pour ne pas \u00eatre vulgaire&#8230; <br class=\"autobr\"><br \/>\n<span class=\"caps\">SNCF<\/span> Voyageurs et <span class=\"caps\">SNCF<\/span> <span class=\"caps\">TER<\/span> sont dans l&rsquo;obligation en cas de coupure du trafic pour travaux de proposer un moyen alternatif de d\u00e9placement. Dans les gorges de l&rsquo;Allier ce ne sont pas des bus de substitution car ceux-ci refusent d&rsquo;allonger leur parcours et d&rsquo;y descendre, ce ne sont pas non plus des minibus exp\u00e9riment\u00e9s en un temps, non, ce sont des taxis \u00e0 la demande, le fameux service <span class=\"caps\">TAD<\/span>, qu&rsquo;il faut commander la veille de son d\u00e9placement au minimum. <br class=\"autobr\"><br \/>\nCe\u00a0(\u2026)<\/p>\n<p>&#8211;<br \/>\n<a href=\"https:\/\/usagers-transports.haut-allier.eu\/?-en-train-.html\" rel=\"directory\">En Train<\/a><\/p>\n","protected":false},"author":2,"featured_media":103415,"comment_status":"open","ping_status":"open","sticky":false,"template":"","format":"standard","meta":[],"categories":[7],"tags":[],"yoast_head":"<!-- This site is optimized with the Yoast SEO plugin v19.6 - https:\/\/yoast.com\/wordpress\/plugins\/seo\/ -->\n<title>Ligne des C\u00e9vennes\u00a0: en AuRA, pendant les interruptions de trafic SNCF de 2 mois, d\u00e9brouillez vous\u00a0! - Nous, Voyageurs ! Massif Central<\/title>\n<meta name=\"robots\" content=\"index, follow, max-snippet:-1, max-image-preview:large, max-video-preview:-1\" \/>\n<link rel=\"canonical\" href=\"https:\/\/massif-central.nous-voyageurs.eu\/?p=103412\" \/>\n<meta property=\"og:locale\" content=\"fr_FR\" \/>\n<meta property=\"og:type\" content=\"article\" \/>\n<meta property=\"og:title\" content=\"Ligne des C\u00e9vennes\u00a0: en AuRA, pendant les interruptions de trafic SNCF de 2 mois, d\u00e9brouillez vous\u00a0! - Nous, Voyageurs ! Massif Central\" \/>\n<meta property=\"og:description\" content=\"Pour ne pas \u00eatre vulgaire... SNCF Voyageurs et SNCF TER sont dans l&#039;obligation en cas de coupure du trafic pour travaux de proposer un moyen alternatif de d\u00e9placement. Dans les gorges de l&#039;Allier ce ne sont pas des bus de substitution car ceux-ci refusent d&#039;allonger leur parcours et d&#039;y descendre, ce ne sont pas non plus des minibus exp\u00e9riment\u00e9s en un temps, non, ce sont des taxis \u00e0 la demande, le fameux service TAD, qu&#039;il faut commander la veille de son d\u00e9placement au minimum. Ce\u00a0(\u2026)  - En Train\" \/>\n<meta property=\"og:url\" content=\"https:\/\/massif-central.nous-voyageurs.eu\/?p=103412\" \/>\n<meta property=\"og:site_name\" content=\"Nous, Voyageurs ! Massif Central\" \/>\n<meta property=\"article:published_time\" content=\"2026-02-28T20:46:10+00:00\" \/>\n<meta property=\"og:image\" content=\"https:\/\/massif-central.nous-voyageurs.eu\/wp-content\/uploads\/2026\/03\/Ligne-des-C\u00e9vennes\u00a0-en-AuRA-pendant-les-interruptions-de-trafic-SNCF-de-2-mois-d\u00e9brouillez-vous\u00a0.png\" \/>\n\t<meta property=\"og:image:width\" content=\"640\" \/>\n\t<meta property=\"og:image:height\" content=\"480\" \/>\n\t<meta property=\"og:image:type\" content=\"image\/png\" \/>\n<meta name=\"author\" content=\"La r\u00e9daction\" \/>\n<meta name=\"twitter:card\" content=\"summary_large_image\" \/>\n<meta name=\"twitter:label1\" content=\"\u00c9crit par\" \/>\n\t<meta name=\"twitter:data1\" content=\"La r\u00e9daction\" \/>\n\t<meta name=\"twitter:label2\" content=\"Dur\u00e9e de lecture estim\u00e9e\" \/>\n\t<meta name=\"twitter:data2\" content=\"3 minutes\" \/>\n<script type=\"application\/ld+json\" class=\"yoast-schema-graph\">{\"@context\":\"https:\/\/schema.org\",\"@graph\":[{\"@type\":\"WebPage\",\"@id\":\"https:\/\/massif-central.nous-voyageurs.eu\/?p=103412\",\"url\":\"https:\/\/massif-central.nous-voyageurs.eu\/?p=103412\",\"name\":\"Ligne des C\u00e9vennes\u00a0: en AuRA, pendant les interruptions de trafic SNCF de 2 mois, d\u00e9brouillez vous\u00a0! - Nous, Voyageurs ! Massif Central\",\"isPartOf\":{\"@id\":\"https:\/\/massif-central.nous-voyageurs.eu\/#website\"},\"datePublished\":\"2026-02-28T20:46:10+00:00\",\"dateModified\":\"2026-02-28T20:46:10+00:00\",\"author\":{\"@id\":\"https:\/\/massif-central.nous-voyageurs.eu\/#\/schema\/person\/fc33acb380fd253b252148d16184ab5d\"},\"breadcrumb\":{\"@id\":\"https:\/\/massif-central.nous-voyageurs.eu\/?p=103412#breadcrumb\"},\"inLanguage\":\"fr-FR\",\"potentialAction\":[{\"@type\":\"ReadAction\",\"target\":[\"https:\/\/massif-central.nous-voyageurs.eu\/?p=103412\"]}]},{\"@type\":\"BreadcrumbList\",\"@id\":\"https:\/\/massif-central.nous-voyageurs.eu\/?p=103412#breadcrumb\",\"itemListElement\":[{\"@type\":\"ListItem\",\"position\":1,\"name\":\"Accueil\",\"item\":\"https:\/\/massif-central.nous-voyageurs.eu\/\"},{\"@type\":\"ListItem\",\"position\":2,\"name\":\"Ligne des C\u00e9vennes\u00a0: en AuRA, pendant les interruptions de trafic SNCF de 2 mois, d\u00e9brouillez vous\u00a0!\"}]},{\"@type\":\"WebSite\",\"@id\":\"https:\/\/massif-central.nous-voyageurs.eu\/#website\",\"url\":\"https:\/\/massif-central.nous-voyageurs.eu\/\",\"name\":\"Nous, Voyageurs ! Massif Central\",\"description\":\"Les usagers du Massif central fran\u00e7ais ensemble dans un collectif ind\u00e9pendant\",\"potentialAction\":[{\"@type\":\"SearchAction\",\"target\":{\"@type\":\"EntryPoint\",\"urlTemplate\":\"https:\/\/massif-central.nous-voyageurs.eu\/?s={search_term_string}\"},\"query-input\":\"required name=search_term_string\"}],\"inLanguage\":\"fr-FR\"},{\"@type\":\"Person\",\"@id\":\"https:\/\/massif-central.nous-voyageurs.eu\/#\/schema\/person\/fc33acb380fd253b252148d16184ab5d\",\"name\":\"La r\u00e9daction\",\"image\":{\"@type\":\"ImageObject\",\"inLanguage\":\"fr-FR\",\"@id\":\"https:\/\/massif-central.nous-voyageurs.eu\/#\/schema\/person\/image\/\",\"url\":\"https:\/\/secure.gravatar.com\/avatar\/ae6b8b3559c26ed45bba6735458bd564?s=96&d=identicon&r=g\",\"contentUrl\":\"https:\/\/secure.gravatar.com\/avatar\/ae6b8b3559c26ed45bba6735458bd564?s=96&d=identicon&r=g\",\"caption\":\"La r\u00e9daction\"},\"sameAs\":[\"http:\/\/usagers-transports.haut-allier.eu\/\"],\"url\":\"https:\/\/massif-central.nous-voyageurs.eu\/?author=2\"}]}<\/script>\n<!-- \/ Yoast SEO plugin. -->","yoast_head_json":{"title":"Ligne des C\u00e9vennes\u00a0: en AuRA, pendant les interruptions de trafic SNCF de 2 mois, d\u00e9brouillez vous\u00a0! - Nous, Voyageurs ! Massif Central","robots":{"index":"index","follow":"follow","max-snippet":"max-snippet:-1","max-image-preview":"max-image-preview:large","max-video-preview":"max-video-preview:-1"},"canonical":"https:\/\/massif-central.nous-voyageurs.eu\/?p=103412","og_locale":"fr_FR","og_type":"article","og_title":"Ligne des C\u00e9vennes\u00a0: en AuRA, pendant les interruptions de trafic SNCF de 2 mois, d\u00e9brouillez vous\u00a0! - Nous, Voyageurs ! Massif Central","og_description":"Pour ne pas \u00eatre vulgaire... SNCF Voyageurs et SNCF TER sont dans l'obligation en cas de coupure du trafic pour travaux de proposer un moyen alternatif de d\u00e9placement. Dans les gorges de l'Allier ce ne sont pas des bus de substitution car ceux-ci refusent d'allonger leur parcours et d'y descendre, ce ne sont pas non plus des minibus exp\u00e9riment\u00e9s en un temps, non, ce sont des taxis \u00e0 la demande, le fameux service TAD, qu'il faut commander la veille de son d\u00e9placement au minimum. Ce\u00a0(\u2026)  - En Train","og_url":"https:\/\/massif-central.nous-voyageurs.eu\/?p=103412","og_site_name":"Nous, Voyageurs ! Massif Central","article_published_time":"2026-02-28T20:46:10+00:00","og_image":[{"width":640,"height":480,"url":"https:\/\/massif-central.nous-voyageurs.eu\/wp-content\/uploads\/2026\/03\/Ligne-des-C\u00e9vennes\u00a0-en-AuRA-pendant-les-interruptions-de-trafic-SNCF-de-2-mois-d\u00e9brouillez-vous\u00a0.png","type":"image\/png"}],"author":"La r\u00e9daction","twitter_card":"summary_large_image","twitter_misc":{"\u00c9crit par":"La r\u00e9daction","Dur\u00e9e de lecture estim\u00e9e":"3 minutes"},"schema":{"@context":"https:\/\/schema.org","@graph":[{"@type":"WebPage","@id":"https:\/\/massif-central.nous-voyageurs.eu\/?p=103412","url":"https:\/\/massif-central.nous-voyageurs.eu\/?p=103412","name":"Ligne des C\u00e9vennes\u00a0: en AuRA, pendant les interruptions de trafic SNCF de 2 mois, d\u00e9brouillez vous\u00a0! - Nous, Voyageurs ! Massif Central","isPartOf":{"@id":"https:\/\/massif-central.nous-voyageurs.eu\/#website"},"datePublished":"2026-02-28T20:46:10+00:00","dateModified":"2026-02-28T20:46:10+00:00","author":{"@id":"https:\/\/massif-central.nous-voyageurs.eu\/#\/schema\/person\/fc33acb380fd253b252148d16184ab5d"},"breadcrumb":{"@id":"https:\/\/massif-central.nous-voyageurs.eu\/?p=103412#breadcrumb"},"inLanguage":"fr-FR","potentialAction":[{"@type":"ReadAction","target":["https:\/\/massif-central.nous-voyageurs.eu\/?p=103412"]}]},{"@type":"BreadcrumbList","@id":"https:\/\/massif-central.nous-voyageurs.eu\/?p=103412#breadcrumb","itemListElement":[{"@type":"ListItem","position":1,"name":"Accueil","item":"https:\/\/massif-central.nous-voyageurs.eu\/"},{"@type":"ListItem","position":2,"name":"Ligne des C\u00e9vennes\u00a0: en AuRA, pendant les interruptions de trafic SNCF de 2 mois, d\u00e9brouillez vous\u00a0!"}]},{"@type":"WebSite","@id":"https:\/\/massif-central.nous-voyageurs.eu\/#website","url":"https:\/\/massif-central.nous-voyageurs.eu\/","name":"Nous, Voyageurs ! Massif Central","description":"Les usagers du Massif central fran\u00e7ais ensemble dans un collectif ind\u00e9pendant","potentialAction":[{"@type":"SearchAction","target":{"@type":"EntryPoint","urlTemplate":"https:\/\/massif-central.nous-voyageurs.eu\/?s={search_term_string}"},"query-input":"required name=search_term_string"}],"inLanguage":"fr-FR"},{"@type":"Person","@id":"https:\/\/massif-central.nous-voyageurs.eu\/#\/schema\/person\/fc33acb380fd253b252148d16184ab5d","name":"La r\u00e9daction","image":{"@type":"ImageObject","inLanguage":"fr-FR","@id":"https:\/\/massif-central.nous-voyageurs.eu\/#\/schema\/person\/image\/","url":"https:\/\/secure.gravatar.com\/avatar\/ae6b8b3559c26ed45bba6735458bd564?s=96&d=identicon&r=g","contentUrl":"https:\/\/secure.gravatar.com\/avatar\/ae6b8b3559c26ed45bba6735458bd564?s=96&d=identicon&r=g","caption":"La r\u00e9daction"},"sameAs":["http:\/\/usagers-transports.haut-allier.eu\/"],"url":"https:\/\/massif-central.nous-voyageurs.eu\/?author=2"}]}},"_links":{"self":[{"href":"https:\/\/massif-central.nous-voyageurs.eu\/index.php?rest_route=\/wp\/v2\/posts\/103412"}],"collection":[{"href":"https:\/\/massif-central.nous-voyageurs.eu\/index.php?rest_route=\/wp\/v2\/posts"}],"about":[{"href":"https:\/\/massif-central.nous-voyageurs.eu\/index.php?rest_route=\/wp\/v2\/types\/post"}],"author":[{"embeddable":true,"href":"https:\/\/massif-central.nous-voyageurs.eu\/index.php?rest_route=\/wp\/v2\/users\/2"}],"replies":[{"embeddable":true,"href":"https:\/\/massif-central.nous-voyageurs.eu\/index.php?rest_route=%2Fwp%2Fv2%2Fcomments&post=103412"}],"version-history":[{"count":1,"href":"https:\/\/massif-central.nous-voyageurs.eu\/index.php?rest_route=\/wp\/v2\/posts\/103412\/revisions"}],"predecessor-version":[{"id":103414,"href":"https:\/\/massif-central.nous-voyageurs.eu\/index.php?rest_route=\/wp\/v2\/posts\/103412\/revisions\/103414"}],"wp:featuredmedia":[{"embeddable":true,"href":"https:\/\/massif-central.nous-voyageurs.eu\/index.php?rest_route=\/wp\/v2\/media\/103415"}],"wp:attachment":[{"href":"https:\/\/massif-central.nous-voyageurs.eu\/index.php?rest_route=%2Fwp%2Fv2%2Fmedia&parent=103412"}],"wp:term":[{"taxonomy":"category","embeddable":true,"href":"https:\/\/massif-central.nous-voyageurs.eu\/index.php?rest_route=%2Fwp%2Fv2%2Fcategories&post=103412"},{"taxonomy":"post_tag","embeddable":true,"href":"https:\/\/massif-central.nous-voyageurs.eu\/index.php?rest_route=%2Fwp%2Fv2%2Ftags&post=103412"}],"curies":[{"name":"wp","href":"https:\/\/api.w.org\/{rel}","templated":true}]}}