{"id":103448,"date":"2026-03-12T15:13:02","date_gmt":"2026-03-12T14:13:02","guid":{"rendered":"https:\/\/aurail.eu\/?p=960"},"modified":"2026-03-12T11:52:53","modified_gmt":"2026-03-12T10:52:53","slug":"les-interrogations-actuelles-du-collectif-des-usagers-des-transports-publics-en-sud-ardeche","status":"publish","type":"post","link":"https:\/\/massif-central.nous-voyageurs.eu\/?p=103448","title":{"rendered":"Les interrogations actuelles du Collectif des Usagers des Transports Publics en Sud Ard\u00e8che"},"content":{"rendered":"<p>Voici les \u00e9l\u00e9ments qu&rsquo;a inscrit CUTPSA au registre d&rsquo;enqu\u00eate \u00e0 l&rsquo;\u00e9tude environnementale pour la r\u00e9ouverture de la rive droite du Rh\u00f4ne. Le collectif dans ce registre se questionne sur :<\/p>\n<p>&#8211; la d\u00e9rogation \u00e0 obtenir par l &lsquo;EPFS pour la r\u00e9ouverture de la gare du Teil en 2026 sans attendre les travaux sur les passages \u00e0 niveaux qui reporteraient l &lsquo;ouverture en 2030,<\/p>\n<p>&#8211; la r\u00e9ouverture simultan\u00e9e de la gare de Bourg St And\u00e9ol qui se trouve sur le trac\u00e9 ouvert \u00e0 la recirculation.<\/p>\n<p>&nbsp;<\/p>\n<p><em>Texte int\u00e9gral de la contribution :<\/em><\/p>\n<p>Le CUTPSA (Collectif des Usagers des Transports Publics en Sud Ard\u00e8che), repr\u00e9sentant les habitants et visiteurs du Sud-Ard\u00e8che,\u00a0 demandent depuis de nombreuses ann\u00e9es la r\u00e9ouverture aux voyageurs de la ligne ferroviaire de la Rive Droite du Rh\u00f4ne.<\/p>\n<p>L&rsquo;int\u00e9r\u00eat majeur de cette r\u00e9ouverture ferm\u00e9e aux voyageurs depuis 1973, cette ligne existante, \u00e9lectrifi\u00e9e et \u00e9quip\u00e9e d&rsquo;une signalisation moderne, est parcourue par des circulations fret journali\u00e8res et occasionnellement par des trains voyageurs d\u00e9tourn\u00e9s de la Rive Gauche.<\/p>\n<p>Son orientation Nord-Sud (et Sud-Nord) recoupe le flux principal de d\u00e9placement des Ard\u00e9chois. Notre d\u00e9partement ne dispose ni d&rsquo;autoroute, ni de possibilit\u00e9 de transports publics (cars, trains, \u2026) utilisables sur son territoire sur ces relations \u00ab\u00a0verticales\u00a0\u00bb. Les habitants et visiteurs doivent aujourd&rsquo;hui souvent se rabattre sur les infrastructures dr\u00f4moises ferroviaires et autorouti\u00e8res pour effectuer de tels d\u00e9placements.<\/p>\n<p>Dans le contexte actuel favorable aux d\u00e9placements en transports publics,\u00a0 CUTPSA demande aux pouvoirs publics depuis de nombreuses ann\u00e9es de remettre au service des voyageurs, les gares de cet axe ferroviaire peu circul\u00e9 aujourd&rsquo;hui.<\/p>\n<p>Ce souhait \u00e0 l&rsquo;avantage de rencontrer la demande identique, port\u00e9e par la r\u00e9gion Occitanie sur son territoire.<br \/>\nLa concr\u00e9tisation de la mise en commun des 2 demandes, Gard et Ard\u00e8che, aura l&rsquo;avantage d&rsquo;offrir une relation directe de l&rsquo;axe \u00ab\u00a0vall\u00e9e de Rh\u00f4ne\u00a0\u00bb avec les p\u00f4les urbains, les universit\u00e9s, les centres hospitaliers du Languedoc (N\u00eemes, Montpellier\u2026).<\/p>\n<p>&nbsp;<\/p>\n<p><span style=\"text-decoration: underline;\"><strong>Un premier pas laborieux: la desserte effective de la gare du TEIL<\/strong><\/span><\/p>\n<p>Conscient des probl\u00e9matiques sus vis\u00e9es, beaucoup de promesses ont \u00e9t\u00e9 exprim\u00e9es par nos \u00e9lus\u2026 notamment en 2020 \u00e0 Cruas, en ao\u00fbt 2022 \u00e0 l&rsquo;inauguration de la desserte occitane qui vient tourner au Teil sans voyageurs !<\/p>\n<p>Aujourd&rsquo;hui, le financement des travaux d&rsquo;accessibilit\u00e9 aux quais de la gare du Teil ont \u00e9t\u00e9 financ\u00e9s (en d\u00e9cembre 2025). Les travaux idoines, anticip\u00e9s par SNCF r\u00e9seau sont pr\u00eats \u00e0 \u00eatre r\u00e9alis\u00e9s.<br \/>\nEt pourtant, les proc\u00e9dures et mises aux normes retardent encore les futurs voyageurs du Teil. Malgr\u00e9 une demande de d\u00e9rogation \u00e0 l&rsquo;enqu\u00eate environnementale aupr\u00e8s de la Pr\u00e9f\u00e8te de l&rsquo;Ard\u00e8che, les perturbations \u00e9tant tellement mineures sur une ligne actuellement circul\u00e9e, elle n&rsquo;a pas \u00e9t\u00e9 obtenue.D&rsquo;autre part, l&rsquo;\u00e9tude s\u00e9curit\u00e9 de l&rsquo;EPSF relatives aux P\/N (Passages \u00e0 Niveaux) n&rsquo;a pas r\u00e9v\u00e9l\u00e9e de travaux majeurs pr\u00e9requis \u00e0 l&rsquo;ouverture circulations voyageurs \u00ab\u00a0r\u00e9guli\u00e8res\u00a0\u00bb.<\/p>\n<p>Les pr\u00e9conisations indispensables \u00e0 ces circulations sont r\u00e9sum\u00e9es ci-dessous :<br \/>\n&#8211; Le P\/N 3, sur la D86, n\u00e9cessite un recalibrage voirie (25m x 2m) et le d\u00e9placement d&rsquo;une intersection (soit 450m\u00b2 d&rsquo;am\u00e9nagement).<br \/>\n&#8211; Les P\/N 7, 8, 9, 10, 16 et 17, sur des acc\u00e8s ruraux, ne n\u00e9cessitent que le changement de la casquette du feux rouge (pour une meilleure visibilit\u00e9 avec soleil de face) ainsi qu&rsquo;une campagne de sensibilisation des usagers du P\/N.<br \/>\n&#8211; Le P\/N 18, sur la D86 \u00e0 Pont St Esprit, impose la cr\u00e9ation d&rsquo;\u00eelots centraux avec feux rouges, la mat\u00e9rialisation de cheminements pi\u00e9tons (dalles et lignes blanches au sol) ainsi que le d\u00e9placement d&rsquo;un moteur de barri\u00e8re, au total, 911m\u00b2 d&rsquo;am\u00e9nagement. Y ajouter, une campagne de sensibilisation aux risques de travers\u00e9es \u00ab\u00a0sauvages\u00a0\u00bb.<br \/>\n&#8211; Un dispositif de s\u00e9curit\u00e9 (radar flashant ?) est pr\u00e9vu pour les P\/N 3 et 18 sur la D86. Ils nous semblent justifi\u00e9s.<\/p>\n<p><b>Mais alors, une fois ces am\u00e9nagements, somme toute modestes, r\u00e9alis\u00e9s, en 2026, nous attendons la r\u00e9ouverture de la gare du TEIL dans la foul\u00e9e. Les imp\u00e9ratifs de la \u00ab\u00a0phase 1\u00a0\u00bb \u00e9tant remplis, nous ne comprendrions pas qu&rsquo;il faille attendre encore des mois.<\/b><\/p>\n<p>&nbsp;<\/p>\n<p><b><u>La suite: la r\u00e9ouverture de nombreuses gares en Ard\u00e8che:\u00a0<\/u><\/b><\/p>\n<p><b>\u00a0A commencer par les deux gares ard\u00e9choises de Bourg St And\u00e9ol et Viviers, qui voient d\u00e9j\u00e0 passer les trains sans pouvoir y monter ou en descendre. Aucune nouvelle \u00e9tude environnementale ni proc\u00e9dure EPSF n&rsquo;est n\u00e9cessaire pour ces r\u00e9ouvertures puisque elles sont incluses dans le parcours et le processus en cours.<\/b><\/p>\n<p>Au-del\u00e0, la remise en service voyageurs de la ligne du Teil \u00e0 Romans via Valence ville et Valence TGV est indispensable.<\/p>\n<p>Vu le succ\u00e8s des trains voyageurs de la \u00ab\u00a0phase anticip\u00e9e\u00a0\u00bb en Occitanie (malgr\u00e9 une qualit\u00e9 d\u00e9faillante avec des trains annul\u00e9s), la fr\u00e9quentation de ces nouvelles dessertes sera au rendezvous et les investissements justifi\u00e9s.<\/p>\n<p><strong>Le CUTPSA et donc les ard\u00e9chois et ard\u00e9choises attendent avec int\u00e9r\u00eat la concr\u00e9tisation des promesses de retour du train en Ard\u00e8che\u00a0<\/strong><\/p>\n<p><em>[La photo d&rsquo;illustration d&rsquo;un TER LiO en gare du Teil provient de Pierre-Jean Pluvy &#8211; Radio France]<\/em><\/p>\n<p>&nbsp;<\/p>\n","protected":false},"excerpt":{"rendered":"<p>Voici les \u00e9l\u00e9ments qu\u2019a inscrit CUTPSA au registre d\u2019enqu\u00eate \u00e0 l\u2019\u00e9tude environnementale pour la r\u00e9ouverture de la rive<\/p>\n","protected":false},"author":2,"featured_media":103449,"comment_status":"open","ping_status":"open","sticky":false,"template":"","format":"standard","meta":[],"categories":[7],"tags":[],"yoast_head":"<!-- This site is optimized with the Yoast SEO plugin v19.6 - https:\/\/yoast.com\/wordpress\/plugins\/seo\/ -->\n<title>Les interrogations actuelles du Collectif des Usagers des Transports Publics en Sud Ard\u00e8che - Nous, Voyageurs ! Massif Central<\/title>\n<meta name=\"robots\" content=\"index, follow, max-snippet:-1, max-image-preview:large, max-video-preview:-1\" \/>\n<link rel=\"canonical\" href=\"https:\/\/massif-central.nous-voyageurs.eu\/?p=103448\" \/>\n<meta property=\"og:locale\" content=\"fr_FR\" \/>\n<meta property=\"og:type\" content=\"article\" \/>\n<meta property=\"og:title\" content=\"Les interrogations actuelles du Collectif des Usagers des Transports Publics en Sud Ard\u00e8che - Nous, Voyageurs ! Massif Central\" \/>\n<meta property=\"og:description\" content=\"Voici les \u00e9l\u00e9ments qu\u2019a inscrit CUTPSA au registre d\u2019enqu\u00eate \u00e0 l\u2019\u00e9tude environnementale pour la r\u00e9ouverture de la rive\" \/>\n<meta property=\"og:url\" content=\"https:\/\/massif-central.nous-voyageurs.eu\/?p=103448\" \/>\n<meta property=\"og:site_name\" content=\"Nous, Voyageurs ! Massif Central\" \/>\n<meta property=\"article:published_time\" content=\"2026-03-12T14:13:02+00:00\" \/>\n<meta property=\"article:modified_time\" content=\"2026-03-12T10:52:53+00:00\" \/>\n<meta property=\"og:image\" content=\"https:\/\/massif-central.nous-voyageurs.eu\/wp-content\/uploads\/2026\/03\/Les-interrogations-actuelles-du-Collectif-des-Usagers-des-Transports-Publics-en-Sud-Ard\u00e8che.png\" \/>\n\t<meta property=\"og:image:width\" content=\"640\" \/>\n\t<meta property=\"og:image:height\" content=\"480\" \/>\n\t<meta property=\"og:image:type\" content=\"image\/png\" \/>\n<meta name=\"author\" content=\"La r\u00e9daction\" \/>\n<meta name=\"twitter:card\" content=\"summary_large_image\" \/>\n<meta name=\"twitter:label1\" content=\"\u00c9crit par\" \/>\n\t<meta name=\"twitter:data1\" content=\"La r\u00e9daction\" \/>\n\t<meta name=\"twitter:label2\" content=\"Dur\u00e9e de lecture estim\u00e9e\" \/>\n\t<meta name=\"twitter:data2\" content=\"4 minutes\" \/>\n<script type=\"application\/ld+json\" class=\"yoast-schema-graph\">{\"@context\":\"https:\/\/schema.org\",\"@graph\":[{\"@type\":\"WebPage\",\"@id\":\"https:\/\/massif-central.nous-voyageurs.eu\/?p=103448\",\"url\":\"https:\/\/massif-central.nous-voyageurs.eu\/?p=103448\",\"name\":\"Les interrogations actuelles du Collectif des Usagers des Transports Publics en Sud Ard\u00e8che - Nous, Voyageurs ! Massif Central\",\"isPartOf\":{\"@id\":\"https:\/\/massif-central.nous-voyageurs.eu\/#website\"},\"datePublished\":\"2026-03-12T14:13:02+00:00\",\"dateModified\":\"2026-03-12T10:52:53+00:00\",\"author\":{\"@id\":\"https:\/\/massif-central.nous-voyageurs.eu\/#\/schema\/person\/fc33acb380fd253b252148d16184ab5d\"},\"breadcrumb\":{\"@id\":\"https:\/\/massif-central.nous-voyageurs.eu\/?p=103448#breadcrumb\"},\"inLanguage\":\"fr-FR\",\"potentialAction\":[{\"@type\":\"ReadAction\",\"target\":[\"https:\/\/massif-central.nous-voyageurs.eu\/?p=103448\"]}]},{\"@type\":\"BreadcrumbList\",\"@id\":\"https:\/\/massif-central.nous-voyageurs.eu\/?p=103448#breadcrumb\",\"itemListElement\":[{\"@type\":\"ListItem\",\"position\":1,\"name\":\"Accueil\",\"item\":\"https:\/\/massif-central.nous-voyageurs.eu\/\"},{\"@type\":\"ListItem\",\"position\":2,\"name\":\"Les interrogations actuelles du Collectif des Usagers des Transports Publics en Sud Ard\u00e8che\"}]},{\"@type\":\"WebSite\",\"@id\":\"https:\/\/massif-central.nous-voyageurs.eu\/#website\",\"url\":\"https:\/\/massif-central.nous-voyageurs.eu\/\",\"name\":\"Nous, Voyageurs ! Massif Central\",\"description\":\"Les usagers du Massif central fran\u00e7ais ensemble dans un collectif ind\u00e9pendant\",\"potentialAction\":[{\"@type\":\"SearchAction\",\"target\":{\"@type\":\"EntryPoint\",\"urlTemplate\":\"https:\/\/massif-central.nous-voyageurs.eu\/?s={search_term_string}\"},\"query-input\":\"required name=search_term_string\"}],\"inLanguage\":\"fr-FR\"},{\"@type\":\"Person\",\"@id\":\"https:\/\/massif-central.nous-voyageurs.eu\/#\/schema\/person\/fc33acb380fd253b252148d16184ab5d\",\"name\":\"La r\u00e9daction\",\"image\":{\"@type\":\"ImageObject\",\"inLanguage\":\"fr-FR\",\"@id\":\"https:\/\/massif-central.nous-voyageurs.eu\/#\/schema\/person\/image\/\",\"url\":\"https:\/\/secure.gravatar.com\/avatar\/ae6b8b3559c26ed45bba6735458bd564?s=96&d=identicon&r=g\",\"contentUrl\":\"https:\/\/secure.gravatar.com\/avatar\/ae6b8b3559c26ed45bba6735458bd564?s=96&d=identicon&r=g\",\"caption\":\"La r\u00e9daction\"},\"sameAs\":[\"http:\/\/usagers-transports.haut-allier.eu\/\"],\"url\":\"https:\/\/massif-central.nous-voyageurs.eu\/?author=2\"}]}<\/script>\n<!-- \/ Yoast SEO plugin. -->","yoast_head_json":{"title":"Les interrogations actuelles du Collectif des Usagers des Transports Publics en Sud Ard\u00e8che - Nous, Voyageurs ! Massif Central","robots":{"index":"index","follow":"follow","max-snippet":"max-snippet:-1","max-image-preview":"max-image-preview:large","max-video-preview":"max-video-preview:-1"},"canonical":"https:\/\/massif-central.nous-voyageurs.eu\/?p=103448","og_locale":"fr_FR","og_type":"article","og_title":"Les interrogations actuelles du Collectif des Usagers des Transports Publics en Sud Ard\u00e8che - Nous, Voyageurs ! Massif Central","og_description":"Voici les \u00e9l\u00e9ments qu\u2019a inscrit CUTPSA au registre d\u2019enqu\u00eate \u00e0 l\u2019\u00e9tude environnementale pour la r\u00e9ouverture de la rive","og_url":"https:\/\/massif-central.nous-voyageurs.eu\/?p=103448","og_site_name":"Nous, Voyageurs ! Massif Central","article_published_time":"2026-03-12T14:13:02+00:00","article_modified_time":"2026-03-12T10:52:53+00:00","og_image":[{"width":640,"height":480,"url":"https:\/\/massif-central.nous-voyageurs.eu\/wp-content\/uploads\/2026\/03\/Les-interrogations-actuelles-du-Collectif-des-Usagers-des-Transports-Publics-en-Sud-Ard\u00e8che.png","type":"image\/png"}],"author":"La r\u00e9daction","twitter_card":"summary_large_image","twitter_misc":{"\u00c9crit par":"La r\u00e9daction","Dur\u00e9e de lecture estim\u00e9e":"4 minutes"},"schema":{"@context":"https:\/\/schema.org","@graph":[{"@type":"WebPage","@id":"https:\/\/massif-central.nous-voyageurs.eu\/?p=103448","url":"https:\/\/massif-central.nous-voyageurs.eu\/?p=103448","name":"Les interrogations actuelles du Collectif des Usagers des Transports Publics en Sud Ard\u00e8che - Nous, Voyageurs ! Massif Central","isPartOf":{"@id":"https:\/\/massif-central.nous-voyageurs.eu\/#website"},"datePublished":"2026-03-12T14:13:02+00:00","dateModified":"2026-03-12T10:52:53+00:00","author":{"@id":"https:\/\/massif-central.nous-voyageurs.eu\/#\/schema\/person\/fc33acb380fd253b252148d16184ab5d"},"breadcrumb":{"@id":"https:\/\/massif-central.nous-voyageurs.eu\/?p=103448#breadcrumb"},"inLanguage":"fr-FR","potentialAction":[{"@type":"ReadAction","target":["https:\/\/massif-central.nous-voyageurs.eu\/?p=103448"]}]},{"@type":"BreadcrumbList","@id":"https:\/\/massif-central.nous-voyageurs.eu\/?p=103448#breadcrumb","itemListElement":[{"@type":"ListItem","position":1,"name":"Accueil","item":"https:\/\/massif-central.nous-voyageurs.eu\/"},{"@type":"ListItem","position":2,"name":"Les interrogations actuelles du Collectif des Usagers des Transports Publics en Sud Ard\u00e8che"}]},{"@type":"WebSite","@id":"https:\/\/massif-central.nous-voyageurs.eu\/#website","url":"https:\/\/massif-central.nous-voyageurs.eu\/","name":"Nous, Voyageurs ! Massif Central","description":"Les usagers du Massif central fran\u00e7ais ensemble dans un collectif ind\u00e9pendant","potentialAction":[{"@type":"SearchAction","target":{"@type":"EntryPoint","urlTemplate":"https:\/\/massif-central.nous-voyageurs.eu\/?s={search_term_string}"},"query-input":"required name=search_term_string"}],"inLanguage":"fr-FR"},{"@type":"Person","@id":"https:\/\/massif-central.nous-voyageurs.eu\/#\/schema\/person\/fc33acb380fd253b252148d16184ab5d","name":"La r\u00e9daction","image":{"@type":"ImageObject","inLanguage":"fr-FR","@id":"https:\/\/massif-central.nous-voyageurs.eu\/#\/schema\/person\/image\/","url":"https:\/\/secure.gravatar.com\/avatar\/ae6b8b3559c26ed45bba6735458bd564?s=96&d=identicon&r=g","contentUrl":"https:\/\/secure.gravatar.com\/avatar\/ae6b8b3559c26ed45bba6735458bd564?s=96&d=identicon&r=g","caption":"La r\u00e9daction"},"sameAs":["http:\/\/usagers-transports.haut-allier.eu\/"],"url":"https:\/\/massif-central.nous-voyageurs.eu\/?author=2"}]}},"_links":{"self":[{"href":"https:\/\/massif-central.nous-voyageurs.eu\/index.php?rest_route=\/wp\/v2\/posts\/103448"}],"collection":[{"href":"https:\/\/massif-central.nous-voyageurs.eu\/index.php?rest_route=\/wp\/v2\/posts"}],"about":[{"href":"https:\/\/massif-central.nous-voyageurs.eu\/index.php?rest_route=\/wp\/v2\/types\/post"}],"author":[{"embeddable":true,"href":"https:\/\/massif-central.nous-voyageurs.eu\/index.php?rest_route=\/wp\/v2\/users\/2"}],"replies":[{"embeddable":true,"href":"https:\/\/massif-central.nous-voyageurs.eu\/index.php?rest_route=%2Fwp%2Fv2%2Fcomments&post=103448"}],"version-history":[{"count":1,"href":"https:\/\/massif-central.nous-voyageurs.eu\/index.php?rest_route=\/wp\/v2\/posts\/103448\/revisions"}],"predecessor-version":[{"id":103450,"href":"https:\/\/massif-central.nous-voyageurs.eu\/index.php?rest_route=\/wp\/v2\/posts\/103448\/revisions\/103450"}],"wp:featuredmedia":[{"embeddable":true,"href":"https:\/\/massif-central.nous-voyageurs.eu\/index.php?rest_route=\/wp\/v2\/media\/103449"}],"wp:attachment":[{"href":"https:\/\/massif-central.nous-voyageurs.eu\/index.php?rest_route=%2Fwp%2Fv2%2Fmedia&parent=103448"}],"wp:term":[{"taxonomy":"category","embeddable":true,"href":"https:\/\/massif-central.nous-voyageurs.eu\/index.php?rest_route=%2Fwp%2Fv2%2Fcategories&post=103448"},{"taxonomy":"post_tag","embeddable":true,"href":"https:\/\/massif-central.nous-voyageurs.eu\/index.php?rest_route=%2Fwp%2Fv2%2Ftags&post=103448"}],"curies":[{"name":"wp","href":"https:\/\/api.w.org\/{rel}","templated":true}]}}