{"id":103669,"date":"2026-04-25T14:58:35","date_gmt":"2026-04-25T13:58:35","guid":{"rendered":"https:\/\/aurail.eu\/?p=1023"},"modified":"2026-04-25T09:36:30","modified_gmt":"2026-04-25T08:36:30","slug":"rassemblement-de-la-colere-des-sans-trains-le-30-mai-gare-de-clermont-ferrand","status":"publish","type":"post","link":"https:\/\/massif-central.nous-voyageurs.eu\/?p=103669","title":{"rendered":"Rassemblement de la Col\u00e8re des Sans Trains le 30 mai gare de Clermont Ferrand"},"content":{"rendered":"<p>A partir de 14h30 sur le Parvis de la gare SNCF avec report \u00e9ventuel \u00e0 droite de la gare, square de la Jeune R\u00e9sistance.<\/p>\n<p>Toutes les organisations concern\u00e9es sont cordialement invit\u00e9es (environnement, v\u00e9los&#8230;).<\/p>\n<p>Un \u00e9v\u00e8nement qui intervient apr\u00e8s le communiqu\u00e9 de presse du mouvement diffus\u00e9 \u00e0 l&rsquo;issue du passage du texte de la loi-cadre sur les transports au S\u00e9nat :<\/p>\n<p>[pdfjs-viewer url=\u00a0\u00bbhttps:\/\/aurail.eu\/wp-content\/uploads\/2026\/04\/COMMUNIQUE-LA-COLERE-DES-SANS-TRAINS-Loi-cadre-des-transports-apres-le-Senat-23avril2026.pdf\u00a0\u00bb attachment_id=\u00a0\u00bb1026&Prime; viewer_width=100% viewer_height=800px fullscreen=true download=true print=true]<\/p>\n<p><strong>Reconstituer l\u2019\u00e9toile ferroviaire de Clermont Ferrand\u2026<\/strong><\/p>\n<p>C\u2019est offrir la possibilit\u00e9 \u00e0 la population de se d\u00e9placer par le TRAIN vers le nord, le sud, l\u2019ouest, l\u2019est<br \/>\ndu Massif Central pour rallier les territoires, villes moyennes et m\u00e9tropoles\u2026<\/p>\n<p>Le train, un mode de transport \u00e9cologique et structurant pour l\u2019am\u00e9nagement du (des !) territoires.<br \/>\nMaintenir, r\u00e9ouvrir les lignes ferroviaires, c\u2019est r\u00e9pondre aux besoins de mobilit\u00e9s des citoyennes et<br \/>\ncitoyens quels que soient leur lieu de vie (travail, \u00e9tudes, famille, culture, sant\u00e9\u2026).<\/p>\n<p><strong>Maintenir, r\u00e9ouvrir les lignes ferroviaires, c\u2019est dynamisant pour la vie \u00e9conomique et sociale des<\/strong><br \/>\n<strong>territoires.<\/strong><\/p>\n<p>Vous habitez Brive La Gaillarde, Limoges, Ussel, Saint-Etienne, Bordeaux, Lyon, l\u2019Auvergne (ou<br \/>\nailleurs !), rassemblons-nous le samedi 30 mai 2026 \u00e0 14h30 sur le parvis de la gare de Clermont<br \/>\nFerrand afin de reconstituer, le temps d\u2019une journ\u00e9e, l\u2019\u00e9toile ferroviaire Clermontoise.<\/p>\n<p><em>Dans le cadre de la journ\u00e9e de mobilisation propos\u00e9e par la D\u00e9route des Routes (Alliance \u00e9cologique et sociale).<\/em><\/p>\n<p>[pdfjs-viewer url=\u00a0\u00bbhttps:\/\/aurail.eu\/wp-content\/uploads\/2026\/04\/afficheLCDSTclermont30mai2026-v7.pdf\u00a0\u00bb attachment_id=\u00a0\u00bb1024&Prime; viewer_width=100% viewer_height=800px fullscreen=true download=true print=true]<\/p>\n<p>Version jpg :<\/p>\n<p><a href=\"https:\/\/aurail.eu\/wp-content\/uploads\/2026\/04\/afficheLCDSTclermont30mai2026-v7-2500.jpg\"><img loading=\"lazy\" class=\"alignnone size-full wp-image-1025\" src=\"https:\/\/aurail.eu\/wp-content\/uploads\/2026\/04\/afficheLCDSTclermont30mai2026-v7-2500.jpg\" alt=\"\" width=\"1761\" height=\"2490\" \/><\/a><\/p>\n","protected":false},"excerpt":{"rendered":"<p>A partir de 14h30 sur le Parvis de la gare SNCF avec report \u00e9ventuel \u00e0 droite de la<\/p>\n","protected":false},"author":11,"featured_media":103672,"comment_status":"open","ping_status":"open","sticky":false,"template":"","format":"standard","meta":[],"categories":[7],"tags":[],"yoast_head":"<!-- This site is optimized with the Yoast SEO plugin v19.6 - https:\/\/yoast.com\/wordpress\/plugins\/seo\/ -->\n<title>Rassemblement de la Col\u00e8re des Sans Trains le 30 mai gare de Clermont Ferrand - Nous, Voyageurs ! Massif Central<\/title>\n<meta name=\"robots\" content=\"index, follow, max-snippet:-1, max-image-preview:large, max-video-preview:-1\" \/>\n<link rel=\"canonical\" href=\"https:\/\/massif-central.nous-voyageurs.eu\/?p=103669\" \/>\n<meta property=\"og:locale\" content=\"fr_FR\" \/>\n<meta property=\"og:type\" content=\"article\" \/>\n<meta property=\"og:title\" content=\"Rassemblement de la Col\u00e8re des Sans Trains le 30 mai gare de Clermont Ferrand - Nous, Voyageurs ! Massif Central\" \/>\n<meta property=\"og:description\" content=\"A partir de 14h30 sur le Parvis de la gare SNCF avec report \u00e9ventuel \u00e0 droite de la\" \/>\n<meta property=\"og:url\" content=\"https:\/\/massif-central.nous-voyageurs.eu\/?p=103669\" \/>\n<meta property=\"og:site_name\" content=\"Nous, Voyageurs ! Massif Central\" \/>\n<meta property=\"article:published_time\" content=\"2026-04-25T13:58:35+00:00\" \/>\n<meta property=\"article:modified_time\" content=\"2026-04-25T08:36:30+00:00\" \/>\n<meta property=\"og:image\" content=\"https:\/\/massif-central.nous-voyageurs.eu\/wp-content\/uploads\/2026\/04\/Rassemblement-de-la-Col\u00e8re-des-Sans-Trains-le-30-mai-gare-de-Clermont-Ferrand.png\" \/>\n\t<meta property=\"og:image:width\" content=\"640\" \/>\n\t<meta property=\"og:image:height\" content=\"480\" \/>\n\t<meta property=\"og:image:type\" content=\"image\/png\" \/>\n<meta name=\"author\" content=\"aurail-mko\" \/>\n<meta name=\"twitter:card\" content=\"summary_large_image\" \/>\n<meta name=\"twitter:label1\" content=\"\u00c9crit par\" \/>\n\t<meta name=\"twitter:data1\" content=\"aurail-mko\" \/>\n\t<meta name=\"twitter:label2\" content=\"Dur\u00e9e de lecture estim\u00e9e\" \/>\n\t<meta name=\"twitter:data2\" content=\"1 minute\" \/>\n<script type=\"application\/ld+json\" class=\"yoast-schema-graph\">{\"@context\":\"https:\/\/schema.org\",\"@graph\":[{\"@type\":\"WebPage\",\"@id\":\"https:\/\/massif-central.nous-voyageurs.eu\/?p=103669\",\"url\":\"https:\/\/massif-central.nous-voyageurs.eu\/?p=103669\",\"name\":\"Rassemblement de la Col\u00e8re des Sans Trains le 30 mai gare de Clermont Ferrand - Nous, Voyageurs ! Massif Central\",\"isPartOf\":{\"@id\":\"https:\/\/massif-central.nous-voyageurs.eu\/#website\"},\"datePublished\":\"2026-04-25T13:58:35+00:00\",\"dateModified\":\"2026-04-25T08:36:30+00:00\",\"author\":{\"@id\":\"https:\/\/massif-central.nous-voyageurs.eu\/#\/schema\/person\/9d703794849ea92e106630dbda9f7d3f\"},\"breadcrumb\":{\"@id\":\"https:\/\/massif-central.nous-voyageurs.eu\/?p=103669#breadcrumb\"},\"inLanguage\":\"fr-FR\",\"potentialAction\":[{\"@type\":\"ReadAction\",\"target\":[\"https:\/\/massif-central.nous-voyageurs.eu\/?p=103669\"]}]},{\"@type\":\"BreadcrumbList\",\"@id\":\"https:\/\/massif-central.nous-voyageurs.eu\/?p=103669#breadcrumb\",\"itemListElement\":[{\"@type\":\"ListItem\",\"position\":1,\"name\":\"Accueil\",\"item\":\"https:\/\/massif-central.nous-voyageurs.eu\/\"},{\"@type\":\"ListItem\",\"position\":2,\"name\":\"Rassemblement de la Col\u00e8re des Sans Trains le 30 mai gare de Clermont Ferrand\"}]},{\"@type\":\"WebSite\",\"@id\":\"https:\/\/massif-central.nous-voyageurs.eu\/#website\",\"url\":\"https:\/\/massif-central.nous-voyageurs.eu\/\",\"name\":\"Nous, Voyageurs ! Massif Central\",\"description\":\"Les usagers du Massif central fran\u00e7ais ensemble dans un collectif ind\u00e9pendant\",\"potentialAction\":[{\"@type\":\"SearchAction\",\"target\":{\"@type\":\"EntryPoint\",\"urlTemplate\":\"https:\/\/massif-central.nous-voyageurs.eu\/?s={search_term_string}\"},\"query-input\":\"required name=search_term_string\"}],\"inLanguage\":\"fr-FR\"},{\"@type\":\"Person\",\"@id\":\"https:\/\/massif-central.nous-voyageurs.eu\/#\/schema\/person\/9d703794849ea92e106630dbda9f7d3f\",\"name\":\"aurail-mko\",\"image\":{\"@type\":\"ImageObject\",\"inLanguage\":\"fr-FR\",\"@id\":\"https:\/\/massif-central.nous-voyageurs.eu\/#\/schema\/person\/image\/\",\"url\":\"https:\/\/secure.gravatar.com\/avatar\/d9e4b1dfbe966be7a319f24740a7bd6e?s=96&d=identicon&r=g\",\"contentUrl\":\"https:\/\/secure.gravatar.com\/avatar\/d9e4b1dfbe966be7a319f24740a7bd6e?s=96&d=identicon&r=g\",\"caption\":\"aurail-mko\"},\"sameAs\":[\"https:\/\/aurail.eu\"],\"url\":\"https:\/\/massif-central.nous-voyageurs.eu\/?author=11\"}]}<\/script>\n<!-- \/ Yoast SEO plugin. -->","yoast_head_json":{"title":"Rassemblement de la Col\u00e8re des Sans Trains le 30 mai gare de Clermont Ferrand - Nous, Voyageurs ! Massif Central","robots":{"index":"index","follow":"follow","max-snippet":"max-snippet:-1","max-image-preview":"max-image-preview:large","max-video-preview":"max-video-preview:-1"},"canonical":"https:\/\/massif-central.nous-voyageurs.eu\/?p=103669","og_locale":"fr_FR","og_type":"article","og_title":"Rassemblement de la Col\u00e8re des Sans Trains le 30 mai gare de Clermont Ferrand - Nous, Voyageurs ! Massif Central","og_description":"A partir de 14h30 sur le Parvis de la gare SNCF avec report \u00e9ventuel \u00e0 droite de la","og_url":"https:\/\/massif-central.nous-voyageurs.eu\/?p=103669","og_site_name":"Nous, Voyageurs ! Massif Central","article_published_time":"2026-04-25T13:58:35+00:00","article_modified_time":"2026-04-25T08:36:30+00:00","og_image":[{"width":640,"height":480,"url":"https:\/\/massif-central.nous-voyageurs.eu\/wp-content\/uploads\/2026\/04\/Rassemblement-de-la-Col\u00e8re-des-Sans-Trains-le-30-mai-gare-de-Clermont-Ferrand.png","type":"image\/png"}],"author":"aurail-mko","twitter_card":"summary_large_image","twitter_misc":{"\u00c9crit par":"aurail-mko","Dur\u00e9e de lecture estim\u00e9e":"1 minute"},"schema":{"@context":"https:\/\/schema.org","@graph":[{"@type":"WebPage","@id":"https:\/\/massif-central.nous-voyageurs.eu\/?p=103669","url":"https:\/\/massif-central.nous-voyageurs.eu\/?p=103669","name":"Rassemblement de la Col\u00e8re des Sans Trains le 30 mai gare de Clermont Ferrand - Nous, Voyageurs ! Massif Central","isPartOf":{"@id":"https:\/\/massif-central.nous-voyageurs.eu\/#website"},"datePublished":"2026-04-25T13:58:35+00:00","dateModified":"2026-04-25T08:36:30+00:00","author":{"@id":"https:\/\/massif-central.nous-voyageurs.eu\/#\/schema\/person\/9d703794849ea92e106630dbda9f7d3f"},"breadcrumb":{"@id":"https:\/\/massif-central.nous-voyageurs.eu\/?p=103669#breadcrumb"},"inLanguage":"fr-FR","potentialAction":[{"@type":"ReadAction","target":["https:\/\/massif-central.nous-voyageurs.eu\/?p=103669"]}]},{"@type":"BreadcrumbList","@id":"https:\/\/massif-central.nous-voyageurs.eu\/?p=103669#breadcrumb","itemListElement":[{"@type":"ListItem","position":1,"name":"Accueil","item":"https:\/\/massif-central.nous-voyageurs.eu\/"},{"@type":"ListItem","position":2,"name":"Rassemblement de la Col\u00e8re des Sans Trains le 30 mai gare de Clermont Ferrand"}]},{"@type":"WebSite","@id":"https:\/\/massif-central.nous-voyageurs.eu\/#website","url":"https:\/\/massif-central.nous-voyageurs.eu\/","name":"Nous, Voyageurs ! Massif Central","description":"Les usagers du Massif central fran\u00e7ais ensemble dans un collectif ind\u00e9pendant","potentialAction":[{"@type":"SearchAction","target":{"@type":"EntryPoint","urlTemplate":"https:\/\/massif-central.nous-voyageurs.eu\/?s={search_term_string}"},"query-input":"required name=search_term_string"}],"inLanguage":"fr-FR"},{"@type":"Person","@id":"https:\/\/massif-central.nous-voyageurs.eu\/#\/schema\/person\/9d703794849ea92e106630dbda9f7d3f","name":"aurail-mko","image":{"@type":"ImageObject","inLanguage":"fr-FR","@id":"https:\/\/massif-central.nous-voyageurs.eu\/#\/schema\/person\/image\/","url":"https:\/\/secure.gravatar.com\/avatar\/d9e4b1dfbe966be7a319f24740a7bd6e?s=96&d=identicon&r=g","contentUrl":"https:\/\/secure.gravatar.com\/avatar\/d9e4b1dfbe966be7a319f24740a7bd6e?s=96&d=identicon&r=g","caption":"aurail-mko"},"sameAs":["https:\/\/aurail.eu"],"url":"https:\/\/massif-central.nous-voyageurs.eu\/?author=11"}]}},"_links":{"self":[{"href":"https:\/\/massif-central.nous-voyageurs.eu\/index.php?rest_route=\/wp\/v2\/posts\/103669"}],"collection":[{"href":"https:\/\/massif-central.nous-voyageurs.eu\/index.php?rest_route=\/wp\/v2\/posts"}],"about":[{"href":"https:\/\/massif-central.nous-voyageurs.eu\/index.php?rest_route=\/wp\/v2\/types\/post"}],"author":[{"embeddable":true,"href":"https:\/\/massif-central.nous-voyageurs.eu\/index.php?rest_route=\/wp\/v2\/users\/11"}],"replies":[{"embeddable":true,"href":"https:\/\/massif-central.nous-voyageurs.eu\/index.php?rest_route=%2Fwp%2Fv2%2Fcomments&post=103669"}],"version-history":[{"count":1,"href":"https:\/\/massif-central.nous-voyageurs.eu\/index.php?rest_route=\/wp\/v2\/posts\/103669\/revisions"}],"predecessor-version":[{"id":103671,"href":"https:\/\/massif-central.nous-voyageurs.eu\/index.php?rest_route=\/wp\/v2\/posts\/103669\/revisions\/103671"}],"wp:featuredmedia":[{"embeddable":true,"href":"https:\/\/massif-central.nous-voyageurs.eu\/index.php?rest_route=\/wp\/v2\/media\/103672"}],"wp:attachment":[{"href":"https:\/\/massif-central.nous-voyageurs.eu\/index.php?rest_route=%2Fwp%2Fv2%2Fmedia&parent=103669"}],"wp:term":[{"taxonomy":"category","embeddable":true,"href":"https:\/\/massif-central.nous-voyageurs.eu\/index.php?rest_route=%2Fwp%2Fv2%2Fcategories&post=103669"},{"taxonomy":"post_tag","embeddable":true,"href":"https:\/\/massif-central.nous-voyageurs.eu\/index.php?rest_route=%2Fwp%2Fv2%2Ftags&post=103669"}],"curies":[{"name":"wp","href":"https:\/\/api.w.org\/{rel}","templated":true}]}}