{"id":103695,"date":"2026-04-30T16:07:03","date_gmt":"2026-04-30T15:07:03","guid":{"rendered":"https:\/\/usagers-transports.haut-allier.eu\/?nouvelle-etape-pour-la-reouverture,1272.html"},"modified":"2026-04-30T16:07:03","modified_gmt":"2026-04-30T15:07:03","slug":"nouvelle-etape-pour-la-reouverture-de-la-ligne-ales-besseges","status":"publish","type":"post","link":"https:\/\/massif-central.nous-voyageurs.eu\/?p=103695","title":{"rendered":"Nouvelle \u00e9tape pour la r\u00e9ouverture de la ligne Al\u00e8s-Bess\u00e8ges"},"content":{"rendered":"<p><img src='https:\/\/usagers-transports.haut-allier.eu\/local\/cache-vignettes\/L150xH109\/gareambroix-1d4b3.jpg?1777567402' class='spip_logo spip_logo_right' width='150' height='109' alt=\"\" \/><\/p>\n<div class='rss_texte'>\n<p>Le pr\u00e9fet du Gard a initi\u00e9 une consultation publique d&rsquo;une dur\u00e9e de trois mois (du 4\u00a0mai au 5\u00a0ao\u00fbt) concernant la premi\u00e8re phase du projet de r\u00e9ouverture ferroviaire entre Al\u00e8s et Bess\u00e8ges. Cette d\u00e9marche administrative vise \u00e0 recueillir l&rsquo;avis des habitants avant toute d\u00e9cision de travaux.<\/p>\n<p><span style=\"color:#FFFFFF;\"><span style=\"background-color:#FF0000;\"><strong>D\u00e9tails de la consultation<\/strong><\/span><\/span><\/p>\n<p>Zone concern\u00e9e\u00a0: Le tron\u00e7on Al\u00e8s-Saint-Ambroix, couvrant les communes d&rsquo;Al\u00e8s, Les Mages, Rousson, Saint-Ambroix, Saint-Julien-de-Cassagnas, Saint-Privat-des-Vieux et Salindres.<\/p>\n<p>Objectif\u00a0: Obtenir une autorisation environnementale pour cette premi\u00e8re \u00e9tape, pilot\u00e9e par la R\u00e9gion Occitanie.<\/p>\n<p>Modalit\u00e9s\u00a0: Le dossier est consultable en ligne et \u00e0 la mairie de Salindres. Les citoyens peuvent y d\u00e9poser leurs observations.<\/p>\n<p>R\u00e9unions publiques\u00a0:<br class='autobr' \/><br \/>\nOuverture\u00a0: Lundi 18\u00a0mai \u00e0 18 h (salle polyvalente de Salindres).<br class='autobr' \/><br \/>\nCl\u00f4ture\u00a0: 4\u00a0ao\u00fbt \u00e0 18 h (salle Le Tremplin \u00e0 Saint-Ambroix).<\/p>\n<p>R\u00e9sultat\u00a0: Le rapport final du commissaire enqu\u00eateur sera publi\u00e9 trois semaines apr\u00e8s la fin de la consultation.<\/p>\n<p><span style=\"background-color:#FF0000;\"><span style=\"color:#FFFFFF;\"><strong>Contexte et enjeux<\/strong><\/span><\/span><\/p>\n<p>Suspendue en 2012, cette ligne fait l&rsquo;objet de retards r\u00e9p\u00e9t\u00e9s. Bien que le projet reprenne du service, le Collectif de d\u00e9fense exprime une inqui\u00e9tude face au nouveau calendrier, qui pr\u00e9voit une mise en service compl\u00e8te seulement en 2030.<\/p>\n<p>Pour ses partisans <a href=\"https:\/\/usagers-transports.haut-allier.eu\/?pour-la-ligne-ales-besseges,1270.html\">r\u00e9unis le 25\u00a0avril<\/a> dernier \u00e0 Moli\u00e8res-sur-C\u00e8ze, cette r\u00e9ouverture est un levier majeur de mobilit\u00e9 dans un territoire souvent d\u00e9pendant de la voiture. Elle promet de r\u00e9duire les temps de trajet et d&rsquo;offrir une alternative \u00e9cologique, faisant de cette consultation une \u00e9tape d\u00e9cisive pour concr\u00e9tiser enfin le projet.<\/p>\n<p><i>[En logo la gare de Saint-Ambroix]<\/i><\/p>\n<\/div>\n","protected":false},"excerpt":{"rendered":"<p>Le pr\u00e9fet du Gard a initi\u00e9 une consultation publique d&rsquo;une dur\u00e9e de trois mois (du 4\u00a0mai au 5\u00a0ao\u00fbt) concernant la premi\u00e8re phase du projet de r\u00e9ouverture ferroviaire entre Al\u00e8s et Bess\u00e8ges. Cette d\u00e9marche administrative vise \u00e0 recueillir l&rsquo;avis des habitants avant toute d\u00e9cision de travaux. <br class=\"autobr\"><br \/>\nD\u00e9tails de la consultation <br class=\"autobr\"><br \/>\nZone concern\u00e9e\u00a0: Le tron\u00e7on Al\u00e8s-Saint-Ambroix, couvrant les communes d&rsquo;Al\u00e8s, Les Mages, Rousson, Saint-Ambroix, Saint-Julien-de-Cassagnas, Saint-Privat-des-Vieux et\u00a0(\u2026)<\/p>\n<p>&#8211;<br \/>\n<a href=\"https:\/\/usagers-transports.haut-allier.eu\/?-en-train-.html\" rel=\"directory\">En Train<\/a><\/p>\n","protected":false},"author":2,"featured_media":103698,"comment_status":"open","ping_status":"open","sticky":false,"template":"","format":"standard","meta":[],"categories":[7],"tags":[],"yoast_head":"<!-- This site is optimized with the Yoast SEO plugin v19.6 - https:\/\/yoast.com\/wordpress\/plugins\/seo\/ -->\n<title>Nouvelle \u00e9tape pour la r\u00e9ouverture de la ligne Al\u00e8s-Bess\u00e8ges - Nous, Voyageurs ! Massif Central<\/title>\n<meta name=\"robots\" content=\"index, follow, max-snippet:-1, max-image-preview:large, max-video-preview:-1\" \/>\n<link rel=\"canonical\" href=\"https:\/\/massif-central.nous-voyageurs.eu\/?p=103695\" \/>\n<meta property=\"og:locale\" content=\"fr_FR\" \/>\n<meta property=\"og:type\" content=\"article\" \/>\n<meta property=\"og:title\" content=\"Nouvelle \u00e9tape pour la r\u00e9ouverture de la ligne Al\u00e8s-Bess\u00e8ges - Nous, Voyageurs ! Massif Central\" \/>\n<meta property=\"og:description\" content=\"Le pr\u00e9fet du Gard a initi\u00e9 une consultation publique d&#039;une dur\u00e9e de trois mois (du 4\u00a0mai au 5\u00a0ao\u00fbt) concernant la premi\u00e8re phase du projet de r\u00e9ouverture ferroviaire entre Al\u00e8s et Bess\u00e8ges. Cette d\u00e9marche administrative vise \u00e0 recueillir l&#039;avis des habitants avant toute d\u00e9cision de travaux. D\u00e9tails de la consultation Zone concern\u00e9e\u00a0: Le tron\u00e7on Al\u00e8s-Saint-Ambroix, couvrant les communes d&#039;Al\u00e8s, Les Mages, Rousson, Saint-Ambroix, Saint-Julien-de-Cassagnas, Saint-Privat-des-Vieux et\u00a0(\u2026)  - En Train\" \/>\n<meta property=\"og:url\" content=\"https:\/\/massif-central.nous-voyageurs.eu\/?p=103695\" \/>\n<meta property=\"og:site_name\" content=\"Nous, Voyageurs ! Massif Central\" \/>\n<meta property=\"article:published_time\" content=\"2026-04-30T15:07:03+00:00\" \/>\n<meta property=\"og:image\" content=\"https:\/\/massif-central.nous-voyageurs.eu\/wp-content\/uploads\/2026\/04\/Nouvelle-\u00e9tape-pour-la-r\u00e9ouverture-de-la-ligne-Al\u00e8sBess\u00e8ges.png\" \/>\n\t<meta property=\"og:image:width\" content=\"640\" \/>\n\t<meta property=\"og:image:height\" content=\"480\" \/>\n\t<meta property=\"og:image:type\" content=\"image\/png\" \/>\n<meta name=\"author\" content=\"La r\u00e9daction\" \/>\n<meta name=\"twitter:card\" content=\"summary_large_image\" \/>\n<meta name=\"twitter:label1\" content=\"\u00c9crit par\" \/>\n\t<meta name=\"twitter:data1\" content=\"La r\u00e9daction\" \/>\n\t<meta name=\"twitter:label2\" content=\"Dur\u00e9e de lecture estim\u00e9e\" \/>\n\t<meta name=\"twitter:data2\" content=\"1 minute\" \/>\n<script type=\"application\/ld+json\" class=\"yoast-schema-graph\">{\"@context\":\"https:\/\/schema.org\",\"@graph\":[{\"@type\":\"WebPage\",\"@id\":\"https:\/\/massif-central.nous-voyageurs.eu\/?p=103695\",\"url\":\"https:\/\/massif-central.nous-voyageurs.eu\/?p=103695\",\"name\":\"Nouvelle \u00e9tape pour la r\u00e9ouverture de la ligne Al\u00e8s-Bess\u00e8ges - Nous, Voyageurs ! Massif Central\",\"isPartOf\":{\"@id\":\"https:\/\/massif-central.nous-voyageurs.eu\/#website\"},\"datePublished\":\"2026-04-30T15:07:03+00:00\",\"dateModified\":\"2026-04-30T15:07:03+00:00\",\"author\":{\"@id\":\"https:\/\/massif-central.nous-voyageurs.eu\/#\/schema\/person\/fc33acb380fd253b252148d16184ab5d\"},\"breadcrumb\":{\"@id\":\"https:\/\/massif-central.nous-voyageurs.eu\/?p=103695#breadcrumb\"},\"inLanguage\":\"fr-FR\",\"potentialAction\":[{\"@type\":\"ReadAction\",\"target\":[\"https:\/\/massif-central.nous-voyageurs.eu\/?p=103695\"]}]},{\"@type\":\"BreadcrumbList\",\"@id\":\"https:\/\/massif-central.nous-voyageurs.eu\/?p=103695#breadcrumb\",\"itemListElement\":[{\"@type\":\"ListItem\",\"position\":1,\"name\":\"Accueil\",\"item\":\"https:\/\/massif-central.nous-voyageurs.eu\/\"},{\"@type\":\"ListItem\",\"position\":2,\"name\":\"Nouvelle \u00e9tape pour la r\u00e9ouverture de la ligne Al\u00e8s-Bess\u00e8ges\"}]},{\"@type\":\"WebSite\",\"@id\":\"https:\/\/massif-central.nous-voyageurs.eu\/#website\",\"url\":\"https:\/\/massif-central.nous-voyageurs.eu\/\",\"name\":\"Nous, Voyageurs ! Massif Central\",\"description\":\"Les usagers du Massif central fran\u00e7ais ensemble dans un collectif ind\u00e9pendant\",\"potentialAction\":[{\"@type\":\"SearchAction\",\"target\":{\"@type\":\"EntryPoint\",\"urlTemplate\":\"https:\/\/massif-central.nous-voyageurs.eu\/?s={search_term_string}\"},\"query-input\":\"required name=search_term_string\"}],\"inLanguage\":\"fr-FR\"},{\"@type\":\"Person\",\"@id\":\"https:\/\/massif-central.nous-voyageurs.eu\/#\/schema\/person\/fc33acb380fd253b252148d16184ab5d\",\"name\":\"La r\u00e9daction\",\"image\":{\"@type\":\"ImageObject\",\"inLanguage\":\"fr-FR\",\"@id\":\"https:\/\/massif-central.nous-voyageurs.eu\/#\/schema\/person\/image\/\",\"url\":\"https:\/\/secure.gravatar.com\/avatar\/ae6b8b3559c26ed45bba6735458bd564?s=96&d=identicon&r=g\",\"contentUrl\":\"https:\/\/secure.gravatar.com\/avatar\/ae6b8b3559c26ed45bba6735458bd564?s=96&d=identicon&r=g\",\"caption\":\"La r\u00e9daction\"},\"sameAs\":[\"http:\/\/usagers-transports.haut-allier.eu\/\"],\"url\":\"https:\/\/massif-central.nous-voyageurs.eu\/?author=2\"}]}<\/script>\n<!-- \/ Yoast SEO plugin. -->","yoast_head_json":{"title":"Nouvelle \u00e9tape pour la r\u00e9ouverture de la ligne Al\u00e8s-Bess\u00e8ges - Nous, Voyageurs ! Massif Central","robots":{"index":"index","follow":"follow","max-snippet":"max-snippet:-1","max-image-preview":"max-image-preview:large","max-video-preview":"max-video-preview:-1"},"canonical":"https:\/\/massif-central.nous-voyageurs.eu\/?p=103695","og_locale":"fr_FR","og_type":"article","og_title":"Nouvelle \u00e9tape pour la r\u00e9ouverture de la ligne Al\u00e8s-Bess\u00e8ges - Nous, Voyageurs ! Massif Central","og_description":"Le pr\u00e9fet du Gard a initi\u00e9 une consultation publique d'une dur\u00e9e de trois mois (du 4\u00a0mai au 5\u00a0ao\u00fbt) concernant la premi\u00e8re phase du projet de r\u00e9ouverture ferroviaire entre Al\u00e8s et Bess\u00e8ges. Cette d\u00e9marche administrative vise \u00e0 recueillir l'avis des habitants avant toute d\u00e9cision de travaux. D\u00e9tails de la consultation Zone concern\u00e9e\u00a0: Le tron\u00e7on Al\u00e8s-Saint-Ambroix, couvrant les communes d'Al\u00e8s, Les Mages, Rousson, Saint-Ambroix, Saint-Julien-de-Cassagnas, Saint-Privat-des-Vieux et\u00a0(\u2026)  - En Train","og_url":"https:\/\/massif-central.nous-voyageurs.eu\/?p=103695","og_site_name":"Nous, Voyageurs ! Massif Central","article_published_time":"2026-04-30T15:07:03+00:00","og_image":[{"width":640,"height":480,"url":"https:\/\/massif-central.nous-voyageurs.eu\/wp-content\/uploads\/2026\/04\/Nouvelle-\u00e9tape-pour-la-r\u00e9ouverture-de-la-ligne-Al\u00e8sBess\u00e8ges.png","type":"image\/png"}],"author":"La r\u00e9daction","twitter_card":"summary_large_image","twitter_misc":{"\u00c9crit par":"La r\u00e9daction","Dur\u00e9e de lecture estim\u00e9e":"1 minute"},"schema":{"@context":"https:\/\/schema.org","@graph":[{"@type":"WebPage","@id":"https:\/\/massif-central.nous-voyageurs.eu\/?p=103695","url":"https:\/\/massif-central.nous-voyageurs.eu\/?p=103695","name":"Nouvelle \u00e9tape pour la r\u00e9ouverture de la ligne Al\u00e8s-Bess\u00e8ges - Nous, Voyageurs ! Massif Central","isPartOf":{"@id":"https:\/\/massif-central.nous-voyageurs.eu\/#website"},"datePublished":"2026-04-30T15:07:03+00:00","dateModified":"2026-04-30T15:07:03+00:00","author":{"@id":"https:\/\/massif-central.nous-voyageurs.eu\/#\/schema\/person\/fc33acb380fd253b252148d16184ab5d"},"breadcrumb":{"@id":"https:\/\/massif-central.nous-voyageurs.eu\/?p=103695#breadcrumb"},"inLanguage":"fr-FR","potentialAction":[{"@type":"ReadAction","target":["https:\/\/massif-central.nous-voyageurs.eu\/?p=103695"]}]},{"@type":"BreadcrumbList","@id":"https:\/\/massif-central.nous-voyageurs.eu\/?p=103695#breadcrumb","itemListElement":[{"@type":"ListItem","position":1,"name":"Accueil","item":"https:\/\/massif-central.nous-voyageurs.eu\/"},{"@type":"ListItem","position":2,"name":"Nouvelle \u00e9tape pour la r\u00e9ouverture de la ligne Al\u00e8s-Bess\u00e8ges"}]},{"@type":"WebSite","@id":"https:\/\/massif-central.nous-voyageurs.eu\/#website","url":"https:\/\/massif-central.nous-voyageurs.eu\/","name":"Nous, Voyageurs ! Massif Central","description":"Les usagers du Massif central fran\u00e7ais ensemble dans un collectif ind\u00e9pendant","potentialAction":[{"@type":"SearchAction","target":{"@type":"EntryPoint","urlTemplate":"https:\/\/massif-central.nous-voyageurs.eu\/?s={search_term_string}"},"query-input":"required name=search_term_string"}],"inLanguage":"fr-FR"},{"@type":"Person","@id":"https:\/\/massif-central.nous-voyageurs.eu\/#\/schema\/person\/fc33acb380fd253b252148d16184ab5d","name":"La r\u00e9daction","image":{"@type":"ImageObject","inLanguage":"fr-FR","@id":"https:\/\/massif-central.nous-voyageurs.eu\/#\/schema\/person\/image\/","url":"https:\/\/secure.gravatar.com\/avatar\/ae6b8b3559c26ed45bba6735458bd564?s=96&d=identicon&r=g","contentUrl":"https:\/\/secure.gravatar.com\/avatar\/ae6b8b3559c26ed45bba6735458bd564?s=96&d=identicon&r=g","caption":"La r\u00e9daction"},"sameAs":["http:\/\/usagers-transports.haut-allier.eu\/"],"url":"https:\/\/massif-central.nous-voyageurs.eu\/?author=2"}]}},"_links":{"self":[{"href":"https:\/\/massif-central.nous-voyageurs.eu\/index.php?rest_route=\/wp\/v2\/posts\/103695"}],"collection":[{"href":"https:\/\/massif-central.nous-voyageurs.eu\/index.php?rest_route=\/wp\/v2\/posts"}],"about":[{"href":"https:\/\/massif-central.nous-voyageurs.eu\/index.php?rest_route=\/wp\/v2\/types\/post"}],"author":[{"embeddable":true,"href":"https:\/\/massif-central.nous-voyageurs.eu\/index.php?rest_route=\/wp\/v2\/users\/2"}],"replies":[{"embeddable":true,"href":"https:\/\/massif-central.nous-voyageurs.eu\/index.php?rest_route=%2Fwp%2Fv2%2Fcomments&post=103695"}],"version-history":[{"count":1,"href":"https:\/\/massif-central.nous-voyageurs.eu\/index.php?rest_route=\/wp\/v2\/posts\/103695\/revisions"}],"predecessor-version":[{"id":103697,"href":"https:\/\/massif-central.nous-voyageurs.eu\/index.php?rest_route=\/wp\/v2\/posts\/103695\/revisions\/103697"}],"wp:featuredmedia":[{"embeddable":true,"href":"https:\/\/massif-central.nous-voyageurs.eu\/index.php?rest_route=\/wp\/v2\/media\/103698"}],"wp:attachment":[{"href":"https:\/\/massif-central.nous-voyageurs.eu\/index.php?rest_route=%2Fwp%2Fv2%2Fmedia&parent=103695"}],"wp:term":[{"taxonomy":"category","embeddable":true,"href":"https:\/\/massif-central.nous-voyageurs.eu\/index.php?rest_route=%2Fwp%2Fv2%2Fcategories&post=103695"},{"taxonomy":"post_tag","embeddable":true,"href":"https:\/\/massif-central.nous-voyageurs.eu\/index.php?rest_route=%2Fwp%2Fv2%2Ftags&post=103695"}],"curies":[{"name":"wp","href":"https:\/\/api.w.org\/{rel}","templated":true}]}}