{"id":104336,"date":"2026-08-14T09:16:25","date_gmt":"2026-08-14T08:16:25","guid":{"rendered":"http:\/\/5.45.101.177\/haut-allier\/usagers-transportse\/index.php\/2026\/08\/14\/ligne-des-cevennes-reprise-des1295\/"},"modified":"2026-08-14T09:16:25","modified_gmt":"2026-08-14T08:16:25","slug":"ligne-des-cevennes-reprise-des-circulations-confirmee-ce-vendredi-14-aout-2","status":"publish","type":"post","link":"https:\/\/massif-central.nous-voyageurs.eu\/?p=104336","title":{"rendered":"Ligne des C\u00e9vennes : reprise des circulations confirm\u00e9e ce vendredi 14 ao\u00fbt"},"content":{"rendered":"<p>Fini la gal\u00e8re des bus de substitution en retard (voir l&rsquo;article de Midi Libre en bas d&rsquo;article) les trains TER reprennent leur trajet Clermont-Ferrand N\u00eemes Centre d\u00e8s ce vendredi, t\u00e9moin le passage \u00e0 l&rsquo;heure du premier TER Auvergne Rh\u00f4ne Alpes 873991 arrivant de la capitale auvergnate en gare d&rsquo;Alleyras (Haute Loire) ce matin \u00e0 8h53.<\/p>\n<p>Un train qui se sera fait appel\u00e9 D\u00e9sir en pleine saison. D&rsquo;ailleurs pas moins de 30 voyageurs montait ce matin dans cette gare en direction de N\u00eemes.<\/p>\n<p><a href=\"http:\/\/5.45.101.177\/haut-allier\/usagers-transportse\/wp-content\/uploads\/2026\/08\/vid_20260814_085131_1200.mp4\">vid_20260814_085131_1200.mp4<\/a><\/p>\n<p>L&rsquo;article de Midi Libre relatait il y a quelques jours les difficult\u00e9s pour les cars de substitution de respecter leurs horaires :<\/p>\n<p>https:\/\/www.midilibre.fr\/2026\/08\/13\/travaux-sur-la-ligne-du-cevenol-la-reouverture-de-la-ligne-est-prevue-ce-vendredi-13507627.php<\/p>\n<p><img loading=\"lazy\" fetchpriority=\"high\" decoding=\"async\" class=\" aligncenter size-full wp-image-5956\" src=\"http:\/\/5.45.101.177\/haut-allier\/usagers-transportse\/wp-content\/uploads\/2026\/08\/8c193393-b94c-4436-907c-3fd17ec2ec4a-scaled.jpg\" alt=\"8c193393-b94c-4436-907c-3fd17ec2ec4a.jpg\" align=\"center\" width=\"655\" height=\"2560\" srcset=\"https:\/\/usagers-transports.haut-allier.eu\/wp-content\/uploads\/2026\/08\/8c193393-b94c-4436-907c-3fd17ec2ec4a-scaled.jpg 655w, https:\/\/usagers-transports.haut-allier.eu\/wp-content\/uploads\/2026\/08\/8c193393-b94c-4436-907c-3fd17ec2ec4a-77x300.jpg 77w, https:\/\/usagers-transports.haut-allier.eu\/wp-content\/uploads\/2026\/08\/8c193393-b94c-4436-907c-3fd17ec2ec4a-262x1024.jpg 262w, https:\/\/usagers-transports.haut-allier.eu\/wp-content\/uploads\/2026\/08\/8c193393-b94c-4436-907c-3fd17ec2ec4a-768x3001.jpg 768w, https:\/\/usagers-transports.haut-allier.eu\/wp-content\/uploads\/2026\/08\/8c193393-b94c-4436-907c-3fd17ec2ec4a-393x1536.jpg 393w, https:\/\/usagers-transports.haut-allier.eu\/wp-content\/uploads\/2026\/08\/8c193393-b94c-4436-907c-3fd17ec2ec4a-524x2048.jpg 524w\" sizes=\"(max-width: 655px) 100vw, 655px\" \/><\/p>\n<p>[fond rouge][blanc]Dans la presse :[\/blanc][\/fond rouge]<\/p>\n<p>&#8211; France 3 le 14 ao\u00fbt :<\/p>\n<p>https:\/\/france3-regions.franceinfo.fr\/occitanie\/lozere\/mende\/apres-plusieurs-semaines-sans-train-suite-a-des-coulees-de-boue-la-ligne-ter-du-cevenol-relie-de-nouveau-nimes-a-clermont-ferrand-3401344.html<\/p>\n<p><img loading=\"lazy\" decoding=\"async\" class=\" aligncenter size-full wp-image-5957\" src=\"http:\/\/5.45.101.177\/haut-allier\/usagers-transportse\/wp-content\/uploads\/2026\/08\/d35284a8-8918-4edf-8f9a-f104bde6ce36-scaled.jpg\" alt=\"d35284a8-8918-4edf-8f9a-f104bde6ce36.jpg\" align=\"center\" width=\"608\" height=\"2560\" srcset=\"https:\/\/usagers-transports.haut-allier.eu\/wp-content\/uploads\/2026\/08\/d35284a8-8918-4edf-8f9a-f104bde6ce36-scaled.jpg 608w, https:\/\/usagers-transports.haut-allier.eu\/wp-content\/uploads\/2026\/08\/d35284a8-8918-4edf-8f9a-f104bde6ce36-71x300.jpg 71w, https:\/\/usagers-transports.haut-allier.eu\/wp-content\/uploads\/2026\/08\/d35284a8-8918-4edf-8f9a-f104bde6ce36-243x1024.jpg 243w, https:\/\/usagers-transports.haut-allier.eu\/wp-content\/uploads\/2026\/08\/d35284a8-8918-4edf-8f9a-f104bde6ce36-768x3234.jpg 768w, https:\/\/usagers-transports.haut-allier.eu\/wp-content\/uploads\/2026\/08\/d35284a8-8918-4edf-8f9a-f104bde6ce36-365x1536.jpg 365w\" sizes=\"(max-width: 608px) 100vw, 608px\" \/><\/p>\n<p>&nbsp;<\/p>\n<figure class=\"wp-block-gallery columns-1 is-cropped wp-block-gallery-1 is-layout-flex wp-block-gallery-is-layout-flex\">\n<ul class=\"blocks-gallery-grid\">\n<li class=\"blocks-gallery-item\">\n<figure>\n\t\t\t\t\t\t\t\t\t\t\t<img loading=\"lazy\" decoding=\"async\" width=\"1370\" height=\"850\" src=\"http:\/\/5.45.101.177\/haut-allier\/usagers-transportse\/wp-content\/uploads\/2026\/08\/14aout2026-leterarrivegaredalleyras.jpg\"\n\t\t\t\t\t\t alt=\"14aout2026-leterarrivegaredalleyras.jpg\"\n\t\t\t\t\t\t data-id=\"5958\"\n\t\t\t\t\t\t data-full-url=\"http:\/\/5.45.101.177\/haut-allier\/usagers-transportse\/wp-content\/uploads\/2026\/08\/14aout2026-leterarrivegaredalleyras.jpg\"\n\t\t\t\t\t\t data-link=\"http:\/\/5.45.101.177\/haut-allier\/usagers-transportse\/attachment-14aout2026-leterarrivegaredalleyras-jpg\/\"\n\t\t\t\t\t\t class=\"wp-image-5958\" srcset=\"https:\/\/usagers-transports.haut-allier.eu\/wp-content\/uploads\/2026\/08\/14aout2026-leterarrivegaredalleyras.jpg 1370w, https:\/\/usagers-transports.haut-allier.eu\/wp-content\/uploads\/2026\/08\/14aout2026-leterarrivegaredalleyras-300x186.jpg 300w, https:\/\/usagers-transports.haut-allier.eu\/wp-content\/uploads\/2026\/08\/14aout2026-leterarrivegaredalleyras-1024x635.jpg 1024w, https:\/\/usagers-transports.haut-allier.eu\/wp-content\/uploads\/2026\/08\/14aout2026-leterarrivegaredalleyras-768x476.jpg 768w\" sizes=\"(max-width: 1370px) 100vw, 1370px\" \/><br \/>\n\t\t\t\t<\/figure>\n<\/li>\n<\/ul>\n<\/figure>\n","protected":false},"excerpt":{"rendered":"<p>Fini la gal\u00e8re des bus de substitution en retard (voir l\u2019article de Midi Libre en bas d\u2019article) les<\/p>\n","protected":false},"author":2,"featured_media":104339,"comment_status":"open","ping_status":"open","sticky":false,"template":"","format":"standard","meta":[],"categories":[7],"tags":[],"yoast_head":"<!-- This site is optimized with the Yoast SEO plugin v19.6 - https:\/\/yoast.com\/wordpress\/plugins\/seo\/ -->\n<title>Ligne des C\u00e9vennes : reprise des circulations confirm\u00e9e ce vendredi 14 ao\u00fbt - Nous, Voyageurs ! Massif Central<\/title>\n<meta name=\"robots\" content=\"index, follow, max-snippet:-1, max-image-preview:large, max-video-preview:-1\" \/>\n<link rel=\"canonical\" href=\"https:\/\/massif-central.nous-voyageurs.eu\/?p=104336\" \/>\n<meta property=\"og:locale\" content=\"fr_FR\" \/>\n<meta property=\"og:type\" content=\"article\" \/>\n<meta property=\"og:title\" content=\"Ligne des C\u00e9vennes : reprise des circulations confirm\u00e9e ce vendredi 14 ao\u00fbt - Nous, Voyageurs ! Massif Central\" \/>\n<meta property=\"og:description\" content=\"Fini la gal\u00e8re des bus de substitution en retard (voir l\u2019article de Midi Libre en bas d\u2019article) les\" \/>\n<meta property=\"og:url\" content=\"https:\/\/massif-central.nous-voyageurs.eu\/?p=104336\" \/>\n<meta property=\"og:site_name\" content=\"Nous, Voyageurs ! Massif Central\" \/>\n<meta property=\"article:published_time\" content=\"2026-08-14T08:16:25+00:00\" \/>\n<meta property=\"og:image\" content=\"https:\/\/massif-central.nous-voyageurs.eu\/wp-content\/uploads\/2026\/09\/Ligne-des-C\u00e9vennes--reprise-des-circulations-confirm\u00e9e-ce-vendredi-14-ao\u00fbt.png\" \/>\n\t<meta property=\"og:image:width\" content=\"640\" \/>\n\t<meta property=\"og:image:height\" content=\"480\" \/>\n\t<meta property=\"og:image:type\" content=\"image\/png\" \/>\n<meta name=\"author\" content=\"La r\u00e9daction\" \/>\n<meta name=\"twitter:card\" content=\"summary_large_image\" \/>\n<meta name=\"twitter:label1\" content=\"\u00c9crit par\" \/>\n\t<meta name=\"twitter:data1\" content=\"La r\u00e9daction\" \/>\n\t<meta name=\"twitter:label2\" content=\"Dur\u00e9e de lecture estim\u00e9e\" \/>\n\t<meta name=\"twitter:data2\" content=\"1 minute\" \/>\n<script type=\"application\/ld+json\" class=\"yoast-schema-graph\">{\"@context\":\"https:\/\/schema.org\",\"@graph\":[{\"@type\":\"WebPage\",\"@id\":\"https:\/\/massif-central.nous-voyageurs.eu\/?p=104336\",\"url\":\"https:\/\/massif-central.nous-voyageurs.eu\/?p=104336\",\"name\":\"Ligne des C\u00e9vennes : reprise des circulations confirm\u00e9e ce vendredi 14 ao\u00fbt - Nous, Voyageurs ! Massif Central\",\"isPartOf\":{\"@id\":\"https:\/\/massif-central.nous-voyageurs.eu\/#website\"},\"datePublished\":\"2026-08-14T08:16:25+00:00\",\"dateModified\":\"2026-08-14T08:16:25+00:00\",\"author\":{\"@id\":\"https:\/\/massif-central.nous-voyageurs.eu\/#\/schema\/person\/fc33acb380fd253b252148d16184ab5d\"},\"breadcrumb\":{\"@id\":\"https:\/\/massif-central.nous-voyageurs.eu\/?p=104336#breadcrumb\"},\"inLanguage\":\"fr-FR\",\"potentialAction\":[{\"@type\":\"ReadAction\",\"target\":[\"https:\/\/massif-central.nous-voyageurs.eu\/?p=104336\"]}]},{\"@type\":\"BreadcrumbList\",\"@id\":\"https:\/\/massif-central.nous-voyageurs.eu\/?p=104336#breadcrumb\",\"itemListElement\":[{\"@type\":\"ListItem\",\"position\":1,\"name\":\"Accueil\",\"item\":\"https:\/\/massif-central.nous-voyageurs.eu\/\"},{\"@type\":\"ListItem\",\"position\":2,\"name\":\"Ligne des C\u00e9vennes : reprise des circulations confirm\u00e9e ce vendredi 14 ao\u00fbt\"}]},{\"@type\":\"WebSite\",\"@id\":\"https:\/\/massif-central.nous-voyageurs.eu\/#website\",\"url\":\"https:\/\/massif-central.nous-voyageurs.eu\/\",\"name\":\"Nous, Voyageurs ! Massif Central\",\"description\":\"Les usagers du Massif central fran\u00e7ais ensemble dans un collectif ind\u00e9pendant\",\"potentialAction\":[{\"@type\":\"SearchAction\",\"target\":{\"@type\":\"EntryPoint\",\"urlTemplate\":\"https:\/\/massif-central.nous-voyageurs.eu\/?s={search_term_string}\"},\"query-input\":\"required name=search_term_string\"}],\"inLanguage\":\"fr-FR\"},{\"@type\":\"Person\",\"@id\":\"https:\/\/massif-central.nous-voyageurs.eu\/#\/schema\/person\/fc33acb380fd253b252148d16184ab5d\",\"name\":\"La r\u00e9daction\",\"image\":{\"@type\":\"ImageObject\",\"inLanguage\":\"fr-FR\",\"@id\":\"https:\/\/massif-central.nous-voyageurs.eu\/#\/schema\/person\/image\/\",\"url\":\"https:\/\/secure.gravatar.com\/avatar\/ae6b8b3559c26ed45bba6735458bd564?s=96&d=identicon&r=g\",\"contentUrl\":\"https:\/\/secure.gravatar.com\/avatar\/ae6b8b3559c26ed45bba6735458bd564?s=96&d=identicon&r=g\",\"caption\":\"La r\u00e9daction\"},\"sameAs\":[\"http:\/\/usagers-transports.haut-allier.eu\/\"],\"url\":\"https:\/\/massif-central.nous-voyageurs.eu\/?author=2\"}]}<\/script>\n<!-- \/ Yoast SEO plugin. -->","yoast_head_json":{"title":"Ligne des C\u00e9vennes : reprise des circulations confirm\u00e9e ce vendredi 14 ao\u00fbt - Nous, Voyageurs ! Massif Central","robots":{"index":"index","follow":"follow","max-snippet":"max-snippet:-1","max-image-preview":"max-image-preview:large","max-video-preview":"max-video-preview:-1"},"canonical":"https:\/\/massif-central.nous-voyageurs.eu\/?p=104336","og_locale":"fr_FR","og_type":"article","og_title":"Ligne des C\u00e9vennes : reprise des circulations confirm\u00e9e ce vendredi 14 ao\u00fbt - Nous, Voyageurs ! Massif Central","og_description":"Fini la gal\u00e8re des bus de substitution en retard (voir l\u2019article de Midi Libre en bas d\u2019article) les","og_url":"https:\/\/massif-central.nous-voyageurs.eu\/?p=104336","og_site_name":"Nous, Voyageurs ! Massif Central","article_published_time":"2026-08-14T08:16:25+00:00","og_image":[{"width":640,"height":480,"url":"https:\/\/massif-central.nous-voyageurs.eu\/wp-content\/uploads\/2026\/09\/Ligne-des-C\u00e9vennes--reprise-des-circulations-confirm\u00e9e-ce-vendredi-14-ao\u00fbt.png","type":"image\/png"}],"author":"La r\u00e9daction","twitter_card":"summary_large_image","twitter_misc":{"\u00c9crit par":"La r\u00e9daction","Dur\u00e9e de lecture estim\u00e9e":"1 minute"},"schema":{"@context":"https:\/\/schema.org","@graph":[{"@type":"WebPage","@id":"https:\/\/massif-central.nous-voyageurs.eu\/?p=104336","url":"https:\/\/massif-central.nous-voyageurs.eu\/?p=104336","name":"Ligne des C\u00e9vennes : reprise des circulations confirm\u00e9e ce vendredi 14 ao\u00fbt - Nous, Voyageurs ! Massif Central","isPartOf":{"@id":"https:\/\/massif-central.nous-voyageurs.eu\/#website"},"datePublished":"2026-08-14T08:16:25+00:00","dateModified":"2026-08-14T08:16:25+00:00","author":{"@id":"https:\/\/massif-central.nous-voyageurs.eu\/#\/schema\/person\/fc33acb380fd253b252148d16184ab5d"},"breadcrumb":{"@id":"https:\/\/massif-central.nous-voyageurs.eu\/?p=104336#breadcrumb"},"inLanguage":"fr-FR","potentialAction":[{"@type":"ReadAction","target":["https:\/\/massif-central.nous-voyageurs.eu\/?p=104336"]}]},{"@type":"BreadcrumbList","@id":"https:\/\/massif-central.nous-voyageurs.eu\/?p=104336#breadcrumb","itemListElement":[{"@type":"ListItem","position":1,"name":"Accueil","item":"https:\/\/massif-central.nous-voyageurs.eu\/"},{"@type":"ListItem","position":2,"name":"Ligne des C\u00e9vennes : reprise des circulations confirm\u00e9e ce vendredi 14 ao\u00fbt"}]},{"@type":"WebSite","@id":"https:\/\/massif-central.nous-voyageurs.eu\/#website","url":"https:\/\/massif-central.nous-voyageurs.eu\/","name":"Nous, Voyageurs ! Massif Central","description":"Les usagers du Massif central fran\u00e7ais ensemble dans un collectif ind\u00e9pendant","potentialAction":[{"@type":"SearchAction","target":{"@type":"EntryPoint","urlTemplate":"https:\/\/massif-central.nous-voyageurs.eu\/?s={search_term_string}"},"query-input":"required name=search_term_string"}],"inLanguage":"fr-FR"},{"@type":"Person","@id":"https:\/\/massif-central.nous-voyageurs.eu\/#\/schema\/person\/fc33acb380fd253b252148d16184ab5d","name":"La r\u00e9daction","image":{"@type":"ImageObject","inLanguage":"fr-FR","@id":"https:\/\/massif-central.nous-voyageurs.eu\/#\/schema\/person\/image\/","url":"https:\/\/secure.gravatar.com\/avatar\/ae6b8b3559c26ed45bba6735458bd564?s=96&d=identicon&r=g","contentUrl":"https:\/\/secure.gravatar.com\/avatar\/ae6b8b3559c26ed45bba6735458bd564?s=96&d=identicon&r=g","caption":"La r\u00e9daction"},"sameAs":["http:\/\/usagers-transports.haut-allier.eu\/"],"url":"https:\/\/massif-central.nous-voyageurs.eu\/?author=2"}]}},"_links":{"self":[{"href":"https:\/\/massif-central.nous-voyageurs.eu\/index.php?rest_route=\/wp\/v2\/posts\/104336"}],"collection":[{"href":"https:\/\/massif-central.nous-voyageurs.eu\/index.php?rest_route=\/wp\/v2\/posts"}],"about":[{"href":"https:\/\/massif-central.nous-voyageurs.eu\/index.php?rest_route=\/wp\/v2\/types\/post"}],"author":[{"embeddable":true,"href":"https:\/\/massif-central.nous-voyageurs.eu\/index.php?rest_route=\/wp\/v2\/users\/2"}],"replies":[{"embeddable":true,"href":"https:\/\/massif-central.nous-voyageurs.eu\/index.php?rest_route=%2Fwp%2Fv2%2Fcomments&post=104336"}],"version-history":[{"count":1,"href":"https:\/\/massif-central.nous-voyageurs.eu\/index.php?rest_route=\/wp\/v2\/posts\/104336\/revisions"}],"predecessor-version":[{"id":104338,"href":"https:\/\/massif-central.nous-voyageurs.eu\/index.php?rest_route=\/wp\/v2\/posts\/104336\/revisions\/104338"}],"wp:featuredmedia":[{"embeddable":true,"href":"https:\/\/massif-central.nous-voyageurs.eu\/index.php?rest_route=\/wp\/v2\/media\/104339"}],"wp:attachment":[{"href":"https:\/\/massif-central.nous-voyageurs.eu\/index.php?rest_route=%2Fwp%2Fv2%2Fmedia&parent=104336"}],"wp:term":[{"taxonomy":"category","embeddable":true,"href":"https:\/\/massif-central.nous-voyageurs.eu\/index.php?rest_route=%2Fwp%2Fv2%2Fcategories&post=104336"},{"taxonomy":"post_tag","embeddable":true,"href":"https:\/\/massif-central.nous-voyageurs.eu\/index.php?rest_route=%2Fwp%2Fv2%2Ftags&post=104336"}],"curies":[{"name":"wp","href":"https:\/\/api.w.org\/{rel}","templated":true}]}}