{"id":104347,"date":"2026-07-31T14:44:22","date_gmt":"2026-07-31T13:44:22","guid":{"rendered":"http:\/\/5.45.101.177\/haut-allier\/usagers-transportse\/index.php\/2026\/07\/31\/coulees-de-boue-sur-la-ligne-des1293\/"},"modified":"2026-07-31T14:44:22","modified_gmt":"2026-07-31T13:44:22","slug":"coulees-de-boue-sur-la-ligne-des-cevennes-a-partir-du-1er-aout-enfin-des-minibus-de-substitution-2","status":"publish","type":"post","link":"https:\/\/massif-central.nous-voyageurs.eu\/?p=104347","title":{"rendered":"Coul\u00e9es de boue sur la ligne des C\u00e9vennes : \u00e0 partir du 1er ao\u00fbt enfin des minibus de substitution"},"content":{"rendered":"<p>Pour les gares \u00ab\u00a0orphelines\u00a0\u00bb de transports de substitution dans les gorges de l&rsquo;Allier, pour les gares de Chapeauroux, Alleyras et Monistrol d&rsquo;Allier \u00e0 partir de Langogne et de Langeac (voire St Georges d&rsquo;Aurac pour un cas, consulter la fiche horaire ci-dessous). Il y a eu en effet une mise en place de minibus 8 places pour \u00ab\u00a0descendre\u00a0\u00bb dans les 3 gares des gorges.<\/p>\n<p>Nous constatons avec plaisir que nos demandes \u00e9voqu\u00e9es dans les articles parus dans toute la presse r\u00e9gionale suite \u00e0 notre <a href=\"https:\/\/usagers-transports.haut-allier.eu\/?coulees-de-boue-sur-la-ligne-des,1292.html\"><em>communiqu\u00e9<\/em><\/a> ont eu l&rsquo;effet attendu. Merci aux journalistes. <\/p>\n<p>Les fiches horaires jusqu&rsquo;au 14 ao\u00fbt :<\/p>\n<p><img loading=\"lazy\" decoding=\"async\" class=\" aligncenter size-full wp-image-5947\" src=\"http:\/\/5.45.101.177\/haut-allier\/usagers-transportse\/wp-content\/uploads\/2026\/07\/affiche_info_trafic_du_0108_au_1308_-_contraintes_d_infrastructure_chapeauroux-1.jpg\" alt=\"affiche_info_trafic_du_0108_au_1308_-_contraintes_d_infrastructure_chapeauroux-1.jpg\" align=\"center\" width=\"1571\" height=\"2170\" srcset=\"https:\/\/usagers-transports.haut-allier.eu\/wp-content\/uploads\/2026\/07\/affiche_info_trafic_du_0108_au_1308_-_contraintes_d_infrastructure_chapeauroux-1.jpg 1571w, https:\/\/usagers-transports.haut-allier.eu\/wp-content\/uploads\/2026\/07\/affiche_info_trafic_du_0108_au_1308_-_contraintes_d_infrastructure_chapeauroux-1-217x300.jpg 217w, https:\/\/usagers-transports.haut-allier.eu\/wp-content\/uploads\/2026\/07\/affiche_info_trafic_du_0108_au_1308_-_contraintes_d_infrastructure_chapeauroux-1-741x1024.jpg 741w, https:\/\/usagers-transports.haut-allier.eu\/wp-content\/uploads\/2026\/07\/affiche_info_trafic_du_0108_au_1308_-_contraintes_d_infrastructure_chapeauroux-1-768x1061.jpg 768w, https:\/\/usagers-transports.haut-allier.eu\/wp-content\/uploads\/2026\/07\/affiche_info_trafic_du_0108_au_1308_-_contraintes_d_infrastructure_chapeauroux-1-1112x1536.jpg 1112w, https:\/\/usagers-transports.haut-allier.eu\/wp-content\/uploads\/2026\/07\/affiche_info_trafic_du_0108_au_1308_-_contraintes_d_infrastructure_chapeauroux-1-1483x2048.jpg 1483w\" sizes=\"auto, (max-width: 1571px) 100vw, 1571px\" \/><\/p>\n<p><img loading=\"lazy\" decoding=\"async\" class=\" aligncenter size-full wp-image-5948\" src=\"http:\/\/5.45.101.177\/haut-allier\/usagers-transportse\/wp-content\/uploads\/2026\/07\/affiche_info_trafic_du_0108_au_1308_-_contraintes_d_infrastructure_chapeauroux-2.jpg\" alt=\"affiche_info_trafic_du_0108_au_1308_-_contraintes_d_infrastructure_chapeauroux-2.jpg\" align=\"center\" width=\"1571\" height=\"2170\" srcset=\"https:\/\/usagers-transports.haut-allier.eu\/wp-content\/uploads\/2026\/07\/affiche_info_trafic_du_0108_au_1308_-_contraintes_d_infrastructure_chapeauroux-2.jpg 1571w, https:\/\/usagers-transports.haut-allier.eu\/wp-content\/uploads\/2026\/07\/affiche_info_trafic_du_0108_au_1308_-_contraintes_d_infrastructure_chapeauroux-2-217x300.jpg 217w, https:\/\/usagers-transports.haut-allier.eu\/wp-content\/uploads\/2026\/07\/affiche_info_trafic_du_0108_au_1308_-_contraintes_d_infrastructure_chapeauroux-2-741x1024.jpg 741w, https:\/\/usagers-transports.haut-allier.eu\/wp-content\/uploads\/2026\/07\/affiche_info_trafic_du_0108_au_1308_-_contraintes_d_infrastructure_chapeauroux-2-768x1061.jpg 768w, https:\/\/usagers-transports.haut-allier.eu\/wp-content\/uploads\/2026\/07\/affiche_info_trafic_du_0108_au_1308_-_contraintes_d_infrastructure_chapeauroux-2-1112x1536.jpg 1112w, https:\/\/usagers-transports.haut-allier.eu\/wp-content\/uploads\/2026\/07\/affiche_info_trafic_du_0108_au_1308_-_contraintes_d_infrastructure_chapeauroux-2-1483x2048.jpg 1483w\" sizes=\"auto, (max-width: 1571px) 100vw, 1571px\" \/><\/p>\n<p>Ainsi toute la zone impact\u00e9e b\u00e9n\u00e9ficie de transports de substitution.<\/p>\n<p>Et pour la suite :<\/p>\n<p>https:\/\/www.ter.sncf.com\/auvergne-rhone-alpes\/se-deplacer\/fiches-horaires<\/p>\n<p>&nbsp;<\/p>\n<figure class=\"wp-block-gallery columns-1 is-cropped wp-block-gallery-4 is-layout-flex wp-block-gallery-is-layout-flex\">\n<ul class=\"blocks-gallery-grid\">\n<li class=\"blocks-gallery-item\">\n<figure>\n\t\t\t\t\t\t\t\t\t\t\t<img loading=\"lazy\" decoding=\"async\" width=\"749\" height=\"630\" src=\"http:\/\/5.45.101.177\/haut-allier\/usagers-transportse\/wp-content\/uploads\/2026\/07\/logo-usagers-eboule.jpg\"\n\t\t\t\t\t\t alt=\"logo-usagers-eboule.jpg\"\n\t\t\t\t\t\t data-id=\"5949\"\n\t\t\t\t\t\t data-full-url=\"http:\/\/5.45.101.177\/haut-allier\/usagers-transportse\/wp-content\/uploads\/2026\/07\/logo-usagers-eboule.jpg\"\n\t\t\t\t\t\t data-link=\"http:\/\/5.45.101.177\/haut-allier\/usagers-transportse\/attachment-logo-usagers-eboule-jpg\/\"\n\t\t\t\t\t\t class=\"wp-image-5949\" srcset=\"https:\/\/usagers-transports.haut-allier.eu\/wp-content\/uploads\/2026\/07\/logo-usagers-eboule.jpg 749w, https:\/\/usagers-transports.haut-allier.eu\/wp-content\/uploads\/2026\/07\/logo-usagers-eboule-300x252.jpg 300w\" sizes=\"auto, (max-width: 749px) 100vw, 749px\" \/><br \/>\n\t\t\t\t<\/figure>\n<\/li>\n<\/ul>\n<\/figure>\n","protected":false},"excerpt":{"rendered":"<p>Pour les gares \u00ab\u00a0orphelines\u00a0\u00bb de transports de substitution dans les gorges de l\u2019Allier, pour les gares de Chapeauroux,<\/p>\n","protected":false},"author":2,"featured_media":104350,"comment_status":"open","ping_status":"open","sticky":false,"template":"","format":"standard","meta":[],"categories":[7],"tags":[],"yoast_head":"<!-- This site is optimized with the Yoast SEO plugin v19.6 - https:\/\/yoast.com\/wordpress\/plugins\/seo\/ -->\n<title>Coul\u00e9es de boue sur la ligne des C\u00e9vennes : \u00e0 partir du 1er ao\u00fbt enfin des minibus de substitution - Nous, Voyageurs ! Massif Central<\/title>\n<meta name=\"robots\" content=\"index, follow, max-snippet:-1, max-image-preview:large, max-video-preview:-1\" \/>\n<link rel=\"canonical\" href=\"https:\/\/massif-central.nous-voyageurs.eu\/?p=104347\" \/>\n<meta property=\"og:locale\" content=\"fr_FR\" \/>\n<meta property=\"og:type\" content=\"article\" \/>\n<meta property=\"og:title\" content=\"Coul\u00e9es de boue sur la ligne des C\u00e9vennes : \u00e0 partir du 1er ao\u00fbt enfin des minibus de substitution - Nous, Voyageurs ! Massif Central\" \/>\n<meta property=\"og:description\" content=\"Pour les gares \u00ab\u00a0orphelines\u00a0\u00bb de transports de substitution dans les gorges de l\u2019Allier, pour les gares de Chapeauroux,\" \/>\n<meta property=\"og:url\" content=\"https:\/\/massif-central.nous-voyageurs.eu\/?p=104347\" \/>\n<meta property=\"og:site_name\" content=\"Nous, Voyageurs ! Massif Central\" \/>\n<meta property=\"article:published_time\" content=\"2026-07-31T13:44:22+00:00\" \/>\n<meta property=\"og:image\" content=\"https:\/\/massif-central.nous-voyageurs.eu\/wp-content\/uploads\/2026\/09\/Coul\u00e9es-de-boue-sur-la-ligne-des-C\u00e9vennes--\u00e0-partir-du-1er-ao\u00fbt-enfin-des-minibus-de-substitution.png\" \/>\n\t<meta property=\"og:image:width\" content=\"640\" \/>\n\t<meta property=\"og:image:height\" content=\"480\" \/>\n\t<meta property=\"og:image:type\" content=\"image\/png\" \/>\n<meta name=\"author\" content=\"La r\u00e9daction\" \/>\n<meta name=\"twitter:card\" content=\"summary_large_image\" \/>\n<meta name=\"twitter:label1\" content=\"\u00c9crit par\" \/>\n\t<meta name=\"twitter:data1\" content=\"La r\u00e9daction\" \/>\n\t<meta name=\"twitter:label2\" content=\"Dur\u00e9e de lecture estim\u00e9e\" \/>\n\t<meta name=\"twitter:data2\" content=\"1 minute\" \/>\n<script type=\"application\/ld+json\" class=\"yoast-schema-graph\">{\"@context\":\"https:\/\/schema.org\",\"@graph\":[{\"@type\":\"WebPage\",\"@id\":\"https:\/\/massif-central.nous-voyageurs.eu\/?p=104347\",\"url\":\"https:\/\/massif-central.nous-voyageurs.eu\/?p=104347\",\"name\":\"Coul\u00e9es de boue sur la ligne des C\u00e9vennes : \u00e0 partir du 1er ao\u00fbt enfin des minibus de substitution - Nous, Voyageurs ! Massif Central\",\"isPartOf\":{\"@id\":\"https:\/\/massif-central.nous-voyageurs.eu\/#website\"},\"datePublished\":\"2026-07-31T13:44:22+00:00\",\"dateModified\":\"2026-07-31T13:44:22+00:00\",\"author\":{\"@id\":\"https:\/\/massif-central.nous-voyageurs.eu\/#\/schema\/person\/fc33acb380fd253b252148d16184ab5d\"},\"breadcrumb\":{\"@id\":\"https:\/\/massif-central.nous-voyageurs.eu\/?p=104347#breadcrumb\"},\"inLanguage\":\"fr-FR\",\"potentialAction\":[{\"@type\":\"ReadAction\",\"target\":[\"https:\/\/massif-central.nous-voyageurs.eu\/?p=104347\"]}]},{\"@type\":\"BreadcrumbList\",\"@id\":\"https:\/\/massif-central.nous-voyageurs.eu\/?p=104347#breadcrumb\",\"itemListElement\":[{\"@type\":\"ListItem\",\"position\":1,\"name\":\"Accueil\",\"item\":\"https:\/\/massif-central.nous-voyageurs.eu\/\"},{\"@type\":\"ListItem\",\"position\":2,\"name\":\"Coul\u00e9es de boue sur la ligne des C\u00e9vennes : \u00e0 partir du 1er ao\u00fbt enfin des minibus de substitution\"}]},{\"@type\":\"WebSite\",\"@id\":\"https:\/\/massif-central.nous-voyageurs.eu\/#website\",\"url\":\"https:\/\/massif-central.nous-voyageurs.eu\/\",\"name\":\"Nous, Voyageurs ! Massif Central\",\"description\":\"Les usagers du Massif central fran\u00e7ais ensemble dans un collectif ind\u00e9pendant\",\"potentialAction\":[{\"@type\":\"SearchAction\",\"target\":{\"@type\":\"EntryPoint\",\"urlTemplate\":\"https:\/\/massif-central.nous-voyageurs.eu\/?s={search_term_string}\"},\"query-input\":\"required name=search_term_string\"}],\"inLanguage\":\"fr-FR\"},{\"@type\":\"Person\",\"@id\":\"https:\/\/massif-central.nous-voyageurs.eu\/#\/schema\/person\/fc33acb380fd253b252148d16184ab5d\",\"name\":\"La r\u00e9daction\",\"image\":{\"@type\":\"ImageObject\",\"inLanguage\":\"fr-FR\",\"@id\":\"https:\/\/massif-central.nous-voyageurs.eu\/#\/schema\/person\/image\/\",\"url\":\"https:\/\/secure.gravatar.com\/avatar\/ae6b8b3559c26ed45bba6735458bd564?s=96&d=identicon&r=g\",\"contentUrl\":\"https:\/\/secure.gravatar.com\/avatar\/ae6b8b3559c26ed45bba6735458bd564?s=96&d=identicon&r=g\",\"caption\":\"La r\u00e9daction\"},\"sameAs\":[\"http:\/\/usagers-transports.haut-allier.eu\/\"],\"url\":\"https:\/\/massif-central.nous-voyageurs.eu\/?author=2\"}]}<\/script>\n<!-- \/ Yoast SEO plugin. -->","yoast_head_json":{"title":"Coul\u00e9es de boue sur la ligne des C\u00e9vennes : \u00e0 partir du 1er ao\u00fbt enfin des minibus de substitution - Nous, Voyageurs ! Massif Central","robots":{"index":"index","follow":"follow","max-snippet":"max-snippet:-1","max-image-preview":"max-image-preview:large","max-video-preview":"max-video-preview:-1"},"canonical":"https:\/\/massif-central.nous-voyageurs.eu\/?p=104347","og_locale":"fr_FR","og_type":"article","og_title":"Coul\u00e9es de boue sur la ligne des C\u00e9vennes : \u00e0 partir du 1er ao\u00fbt enfin des minibus de substitution - Nous, Voyageurs ! Massif Central","og_description":"Pour les gares \u00ab\u00a0orphelines\u00a0\u00bb de transports de substitution dans les gorges de l\u2019Allier, pour les gares de Chapeauroux,","og_url":"https:\/\/massif-central.nous-voyageurs.eu\/?p=104347","og_site_name":"Nous, Voyageurs ! Massif Central","article_published_time":"2026-07-31T13:44:22+00:00","og_image":[{"width":640,"height":480,"url":"https:\/\/massif-central.nous-voyageurs.eu\/wp-content\/uploads\/2026\/09\/Coul\u00e9es-de-boue-sur-la-ligne-des-C\u00e9vennes--\u00e0-partir-du-1er-ao\u00fbt-enfin-des-minibus-de-substitution.png","type":"image\/png"}],"author":"La r\u00e9daction","twitter_card":"summary_large_image","twitter_misc":{"\u00c9crit par":"La r\u00e9daction","Dur\u00e9e de lecture estim\u00e9e":"1 minute"},"schema":{"@context":"https:\/\/schema.org","@graph":[{"@type":"WebPage","@id":"https:\/\/massif-central.nous-voyageurs.eu\/?p=104347","url":"https:\/\/massif-central.nous-voyageurs.eu\/?p=104347","name":"Coul\u00e9es de boue sur la ligne des C\u00e9vennes : \u00e0 partir du 1er ao\u00fbt enfin des minibus de substitution - Nous, Voyageurs ! Massif Central","isPartOf":{"@id":"https:\/\/massif-central.nous-voyageurs.eu\/#website"},"datePublished":"2026-07-31T13:44:22+00:00","dateModified":"2026-07-31T13:44:22+00:00","author":{"@id":"https:\/\/massif-central.nous-voyageurs.eu\/#\/schema\/person\/fc33acb380fd253b252148d16184ab5d"},"breadcrumb":{"@id":"https:\/\/massif-central.nous-voyageurs.eu\/?p=104347#breadcrumb"},"inLanguage":"fr-FR","potentialAction":[{"@type":"ReadAction","target":["https:\/\/massif-central.nous-voyageurs.eu\/?p=104347"]}]},{"@type":"BreadcrumbList","@id":"https:\/\/massif-central.nous-voyageurs.eu\/?p=104347#breadcrumb","itemListElement":[{"@type":"ListItem","position":1,"name":"Accueil","item":"https:\/\/massif-central.nous-voyageurs.eu\/"},{"@type":"ListItem","position":2,"name":"Coul\u00e9es de boue sur la ligne des C\u00e9vennes : \u00e0 partir du 1er ao\u00fbt enfin des minibus de substitution"}]},{"@type":"WebSite","@id":"https:\/\/massif-central.nous-voyageurs.eu\/#website","url":"https:\/\/massif-central.nous-voyageurs.eu\/","name":"Nous, Voyageurs ! Massif Central","description":"Les usagers du Massif central fran\u00e7ais ensemble dans un collectif ind\u00e9pendant","potentialAction":[{"@type":"SearchAction","target":{"@type":"EntryPoint","urlTemplate":"https:\/\/massif-central.nous-voyageurs.eu\/?s={search_term_string}"},"query-input":"required name=search_term_string"}],"inLanguage":"fr-FR"},{"@type":"Person","@id":"https:\/\/massif-central.nous-voyageurs.eu\/#\/schema\/person\/fc33acb380fd253b252148d16184ab5d","name":"La r\u00e9daction","image":{"@type":"ImageObject","inLanguage":"fr-FR","@id":"https:\/\/massif-central.nous-voyageurs.eu\/#\/schema\/person\/image\/","url":"https:\/\/secure.gravatar.com\/avatar\/ae6b8b3559c26ed45bba6735458bd564?s=96&d=identicon&r=g","contentUrl":"https:\/\/secure.gravatar.com\/avatar\/ae6b8b3559c26ed45bba6735458bd564?s=96&d=identicon&r=g","caption":"La r\u00e9daction"},"sameAs":["http:\/\/usagers-transports.haut-allier.eu\/"],"url":"https:\/\/massif-central.nous-voyageurs.eu\/?author=2"}]}},"_links":{"self":[{"href":"https:\/\/massif-central.nous-voyageurs.eu\/index.php?rest_route=\/wp\/v2\/posts\/104347"}],"collection":[{"href":"https:\/\/massif-central.nous-voyageurs.eu\/index.php?rest_route=\/wp\/v2\/posts"}],"about":[{"href":"https:\/\/massif-central.nous-voyageurs.eu\/index.php?rest_route=\/wp\/v2\/types\/post"}],"author":[{"embeddable":true,"href":"https:\/\/massif-central.nous-voyageurs.eu\/index.php?rest_route=\/wp\/v2\/users\/2"}],"replies":[{"embeddable":true,"href":"https:\/\/massif-central.nous-voyageurs.eu\/index.php?rest_route=%2Fwp%2Fv2%2Fcomments&post=104347"}],"version-history":[{"count":1,"href":"https:\/\/massif-central.nous-voyageurs.eu\/index.php?rest_route=\/wp\/v2\/posts\/104347\/revisions"}],"predecessor-version":[{"id":104349,"href":"https:\/\/massif-central.nous-voyageurs.eu\/index.php?rest_route=\/wp\/v2\/posts\/104347\/revisions\/104349"}],"wp:featuredmedia":[{"embeddable":true,"href":"https:\/\/massif-central.nous-voyageurs.eu\/index.php?rest_route=\/wp\/v2\/media\/104350"}],"wp:attachment":[{"href":"https:\/\/massif-central.nous-voyageurs.eu\/index.php?rest_route=%2Fwp%2Fv2%2Fmedia&parent=104347"}],"wp:term":[{"taxonomy":"category","embeddable":true,"href":"https:\/\/massif-central.nous-voyageurs.eu\/index.php?rest_route=%2Fwp%2Fv2%2Fcategories&post=104347"},{"taxonomy":"post_tag","embeddable":true,"href":"https:\/\/massif-central.nous-voyageurs.eu\/index.php?rest_route=%2Fwp%2Fv2%2Ftags&post=104347"}],"curies":[{"name":"wp","href":"https:\/\/api.w.org\/{rel}","templated":true}]}}