{"id":104355,"date":"2026-07-28T06:25:13","date_gmt":"2026-07-28T05:25:13","guid":{"rendered":"http:\/\/5.45.101.177\/haut-allier\/usagers-transportse\/index.php\/2026\/07\/28\/les-bus-ter-en-region-auvergne1291\/"},"modified":"2026-07-28T06:25:13","modified_gmt":"2026-07-28T05:25:13","slug":"les-bus-ter-en-region-auvergne-rhone-alpes-les-plaintes-des-voyageurs-se-multiplient-2","status":"publish","type":"post","link":"https:\/\/massif-central.nous-voyageurs.eu\/?p=104355","title":{"rendered":"Les bus TER en r\u00e9gion Auvergne Rh\u00f4ne Alpes : les plaintes des voyageurs se multiplient"},"content":{"rendered":"<p>\u00ab\u00a0La r\u00e9gion vous transporte\u00a0\u00bb nous raconte le slogan de la r\u00e9gion Auvergne Rh\u00f4ne Alpes, nous ajouterons \u00ab\u00a0Peut-\u00eatre, mais mal\u00a0\u00bb. Ces derniers jours nous sommes t\u00e9moins de plusieurs coups de gueule d&rsquo;usagers. Le premier c&rsquo;est celui d&rsquo;un voyageur suisse ce dimanche : <\/p>\n<blockquote class=\"poesie\"><p>\n<em><br \/>\nImaginons&#8230; ce serait en hiver et pas en \u00e9t\u00e9. Par -15\u00b0C&#8230;<\/p>\n<p>Dimanche, 08h30 (&#8230;) Pr\u00eat pour mon voyage de retour en Suisse.<br \/>\nJ&rsquo;attend mon bus qui n&rsquo;arrivera jamais, le prochain dans 8h !<br \/>\nA l&rsquo;arriv\u00e9e \u00e0 St-Etienne-Ch\u00e2teaucreux je devrais prendre un h\u00f4tel.<br \/>\nCar impossible d&rsquo;arriver le m\u00eame jour en Suisse.<br \/>\nC&rsquo;est pire que dans le temps des cal\u00e8ches de Vauban.<\/p>\n<p>Les transports publics en France ? Une simple saloperie, sans autre exemple dans le reste du monde. On n&rsquo;ose m\u00eame pas comparer avec ses anciennes colonies qui entre temps sont plus civilis\u00e9es et organis\u00e9es que la France elle-m\u00eame.<\/p>\n<p>Et les employ\u00e9s de ces entreprises, trains, bus etc. on ne sait jamais sur qui ou sur quel comportement on tombera lors d&rsquo;un voyage : Un contr\u00f4leur par exemple peut \u00eatre totalement invisible m\u00eame qu&rsquo;il existe bien. Il pourra \u00eatre gentil ou charmant style Milice fran\u00e7aise de 1943 ou officier politique de 1941 de l&rsquo;arm\u00e9e russe. Tout sera possible.<\/p>\n<p>Hier \u00e0 la gare de Langeac. tout le monde change du train au bus. Je prends le bus qui est affich\u00e9 pour Le Puy-en-Velay.<\/p>\n<p>D\u00e8s que le chauffeur me voit avec mon sac \u00e0 dos, il pense devoir m&rsquo;insulter : \u00ab\u00a0Vous \u00eates s\u00fbr que vous chargez votre sac dans le bon bus ?\u00a0\u00bb. Ma r\u00e9ponse : \u00ab\u00a0Vous avez bien affich\u00e9 sur votre bus la destination Le Puy, non ?\u00a0\u00bb.<\/p>\n<p>Mes deux tableaux, je les emmen\u00e9 dans la cabine pour les prot\u00e9ger et les tenir dans mes mains pendant le voyage.<br \/>\nIl me crie derri\u00e8re quelque chose, que je ne comprends pas enti\u00e8rement : \u00ab\u00a0En cas d&rsquo;accident&#8230; blablabla&#8230;\u00a0\u00bb<\/p>\n<p>Il veut voir mon billet, qu&rsquo;il ne sait m\u00eame pas lire (&#8230;). On part enfin.<\/p>\n<p>Voyage d&rsquo;enfer.<\/p>\n<p>Le chauffeur r\u00e2le \u00e0 haute voix avec une cliente sur tout le trajet.<br \/>\nAu Puy, il clignote sans cesse au plein millieu de la ville.<\/p>\n<p>Bien s\u00fbr, selon la tradition fran\u00e7aise, les cons c&rsquo;est toujours les autres. Le seul qui a vraiment raison, c&rsquo;est notre chauffeur ! (&#8230;).<\/p>\n<p>Puis, il passe un feu rouge.<\/p>\n<p>Je suis content d&rsquo;\u00eatre arriv\u00e9 vivant (&#8230;).<\/p>\n<p>Hans.<br \/>\n<\/em>\n<\/poesie>\n<p>Le second t\u00e9moignage c&rsquo;est celui de Philippe hier lundi :<\/p>\n<poesie>\n<em><br \/>\n\u00ab\u00a0Venu en train depuis Monistrol sur Loire j&rsquo;ai pris le bus entre Le Puy en Velay et Langogne esp\u00e9rant y prendre le train TER jusqu&rsquo;\u00e0 Chapeauroux (J&rsquo;ai appris plus tard qu&rsquo;aucun train ne circulait jusqu&rsquo;au 14 ao\u00fbt !). <\/p>\n<p>On part avec quelques minutes de retard parce que des passagers sont mont\u00e9s \u00e0 la derni\u00e8re minute. Le chauffeur s&rsquo;est arr\u00eat\u00e9 parce qu&rsquo;il y avait un volet de la soute \u00e0 bagages mal ferm\u00e9. On a perdu pas mal de temps aussi \u00e0 cause de tracteurs agricoles donc il n&rsquo;\u00e9tait pas tr\u00e8s content puisqu&rsquo;il nous a annonc\u00e9 qu&rsquo;il y avait 8 minutes de retard. Cel\u00e0 a eu pour cons\u00e9quence qu&rsquo;entre Pradelles et Langogne il a essay\u00e9 de rattraper le retard en roulant extr\u00eamement vite : en coupant les virages, on \u00e9tait chavir\u00e9, il avait l&rsquo;air assez \u00e9nerv\u00e9. D&rsquo;ailleurs \u00e0 moment donn\u00e9 il s&rsquo;est plaint en disant que dans ce bus ya plus rien qui marchait. A chaque fois il demandait si quelqu&rsquo;un descendait alors que partout il y avait des gens qui montaient.<\/p>\n<p>J&rsquo;ai trouv\u00e9 que c&rsquo;\u00e9tait un voyage tr\u00e8s p\u00e9nible.<br \/>\n<\/em>\n<\/p><\/blockquote>\n<p>Deux t\u00e9moignages r\u00e9cents de la qualit\u00e9 des transports en commun g\u00e9r\u00e9s par SNCF TER dans notre \u00ab\u00a0belle et grande r\u00e9gion\u00a0\u00bb. Ils s&rsquo;ajoutent \u00e0 tout le reste.<\/p>\n<p>&nbsp;<\/p>\n<figure class=\"wp-block-gallery columns-1 is-cropped wp-block-gallery-6 is-layout-flex wp-block-gallery-is-layout-flex\">\n<ul class=\"blocks-gallery-grid\">\n<li class=\"blocks-gallery-item\">\n<figure>\n\t\t\t\t\t\t\t\t\t\t\t<img loading=\"lazy\" decoding=\"async\" width=\"700\" height=\"466\" src=\"http:\/\/5.45.101.177\/haut-allier\/usagers-transportse\/wp-content\/uploads\/2026\/07\/laregionvoustransprte.jpg\"\n\t\t\t\t\t\t alt=\"laregionvoustransprte.jpg\"\n\t\t\t\t\t\t data-id=\"5927\"\n\t\t\t\t\t\t data-full-url=\"http:\/\/5.45.101.177\/haut-allier\/usagers-transportse\/wp-content\/uploads\/2026\/07\/laregionvoustransprte.jpg\"\n\t\t\t\t\t\t data-link=\"http:\/\/5.45.101.177\/haut-allier\/usagers-transportse\/attachment-laregionvoustransprte-jpg\/\"\n\t\t\t\t\t\t class=\"wp-image-5927\" srcset=\"https:\/\/usagers-transports.haut-allier.eu\/wp-content\/uploads\/2026\/07\/laregionvoustransprte.jpg 700w, https:\/\/usagers-transports.haut-allier.eu\/wp-content\/uploads\/2026\/07\/laregionvoustransprte-300x200.jpg 300w\" sizes=\"auto, (max-width: 700px) 100vw, 700px\" \/><br \/>\n\t\t\t\t<\/figure>\n<\/li>\n<\/ul>\n<\/figure>\n","protected":false},"excerpt":{"rendered":"<p>\u00ab\u00a0La r\u00e9gion vous transporte\u00a0\u00bb nous raconte le slogan de la r\u00e9gion Auvergne Rh\u00f4ne Alpes, nous ajouterons \u00ab\u00a0Peut-\u00eatre, mais<\/p>\n","protected":false},"author":2,"featured_media":104356,"comment_status":"open","ping_status":"open","sticky":false,"template":"","format":"standard","meta":[],"categories":[7],"tags":[],"yoast_head":"<!-- This site is optimized with the Yoast SEO plugin v19.6 - https:\/\/yoast.com\/wordpress\/plugins\/seo\/ -->\n<title>Les bus TER en r\u00e9gion Auvergne Rh\u00f4ne Alpes : les plaintes des voyageurs se multiplient - Nous, Voyageurs ! Massif Central<\/title>\n<meta name=\"robots\" content=\"index, follow, max-snippet:-1, max-image-preview:large, max-video-preview:-1\" \/>\n<link rel=\"canonical\" href=\"https:\/\/massif-central.nous-voyageurs.eu\/?p=104355\" \/>\n<meta property=\"og:locale\" content=\"fr_FR\" \/>\n<meta property=\"og:type\" content=\"article\" \/>\n<meta property=\"og:title\" content=\"Les bus TER en r\u00e9gion Auvergne Rh\u00f4ne Alpes : les plaintes des voyageurs se multiplient - Nous, Voyageurs ! Massif Central\" \/>\n<meta property=\"og:description\" content=\"\u00ab\u00a0La r\u00e9gion vous transporte\u00a0\u00bb nous raconte le slogan de la r\u00e9gion Auvergne Rh\u00f4ne Alpes, nous ajouterons \u00ab\u00a0Peut-\u00eatre, mais\" \/>\n<meta property=\"og:url\" content=\"https:\/\/massif-central.nous-voyageurs.eu\/?p=104355\" \/>\n<meta property=\"og:site_name\" content=\"Nous, Voyageurs ! Massif Central\" \/>\n<meta property=\"article:published_time\" content=\"2026-07-28T05:25:13+00:00\" \/>\n<meta property=\"og:image\" content=\"https:\/\/massif-central.nous-voyageurs.eu\/wp-content\/uploads\/2026\/09\/Les-bus-TER-en-r\u00e9gion-Auvergne-Rh\u00f4ne-Alpes--les-plaintes-des-voyageurs-se-multiplient.png\" \/>\n\t<meta property=\"og:image:width\" content=\"640\" \/>\n\t<meta property=\"og:image:height\" content=\"480\" \/>\n\t<meta property=\"og:image:type\" content=\"image\/png\" \/>\n<meta name=\"author\" content=\"La r\u00e9daction\" \/>\n<meta name=\"twitter:card\" content=\"summary_large_image\" \/>\n<meta name=\"twitter:label1\" content=\"\u00c9crit par\" \/>\n\t<meta name=\"twitter:data1\" content=\"La r\u00e9daction\" \/>\n\t<meta name=\"twitter:label2\" content=\"Dur\u00e9e de lecture estim\u00e9e\" \/>\n\t<meta name=\"twitter:data2\" content=\"3 minutes\" \/>\n<script type=\"application\/ld+json\" class=\"yoast-schema-graph\">{\"@context\":\"https:\/\/schema.org\",\"@graph\":[{\"@type\":\"WebPage\",\"@id\":\"https:\/\/massif-central.nous-voyageurs.eu\/?p=104355\",\"url\":\"https:\/\/massif-central.nous-voyageurs.eu\/?p=104355\",\"name\":\"Les bus TER en r\u00e9gion Auvergne Rh\u00f4ne Alpes : les plaintes des voyageurs se multiplient - Nous, Voyageurs ! Massif Central\",\"isPartOf\":{\"@id\":\"https:\/\/massif-central.nous-voyageurs.eu\/#website\"},\"datePublished\":\"2026-07-28T05:25:13+00:00\",\"dateModified\":\"2026-07-28T05:25:13+00:00\",\"author\":{\"@id\":\"https:\/\/massif-central.nous-voyageurs.eu\/#\/schema\/person\/fc33acb380fd253b252148d16184ab5d\"},\"breadcrumb\":{\"@id\":\"https:\/\/massif-central.nous-voyageurs.eu\/?p=104355#breadcrumb\"},\"inLanguage\":\"fr-FR\",\"potentialAction\":[{\"@type\":\"ReadAction\",\"target\":[\"https:\/\/massif-central.nous-voyageurs.eu\/?p=104355\"]}]},{\"@type\":\"BreadcrumbList\",\"@id\":\"https:\/\/massif-central.nous-voyageurs.eu\/?p=104355#breadcrumb\",\"itemListElement\":[{\"@type\":\"ListItem\",\"position\":1,\"name\":\"Accueil\",\"item\":\"https:\/\/massif-central.nous-voyageurs.eu\/\"},{\"@type\":\"ListItem\",\"position\":2,\"name\":\"Les bus TER en r\u00e9gion Auvergne Rh\u00f4ne Alpes : les plaintes des voyageurs se multiplient\"}]},{\"@type\":\"WebSite\",\"@id\":\"https:\/\/massif-central.nous-voyageurs.eu\/#website\",\"url\":\"https:\/\/massif-central.nous-voyageurs.eu\/\",\"name\":\"Nous, Voyageurs ! Massif Central\",\"description\":\"Les usagers du Massif central fran\u00e7ais ensemble dans un collectif ind\u00e9pendant\",\"potentialAction\":[{\"@type\":\"SearchAction\",\"target\":{\"@type\":\"EntryPoint\",\"urlTemplate\":\"https:\/\/massif-central.nous-voyageurs.eu\/?s={search_term_string}\"},\"query-input\":\"required name=search_term_string\"}],\"inLanguage\":\"fr-FR\"},{\"@type\":\"Person\",\"@id\":\"https:\/\/massif-central.nous-voyageurs.eu\/#\/schema\/person\/fc33acb380fd253b252148d16184ab5d\",\"name\":\"La r\u00e9daction\",\"image\":{\"@type\":\"ImageObject\",\"inLanguage\":\"fr-FR\",\"@id\":\"https:\/\/massif-central.nous-voyageurs.eu\/#\/schema\/person\/image\/\",\"url\":\"https:\/\/secure.gravatar.com\/avatar\/ae6b8b3559c26ed45bba6735458bd564?s=96&d=identicon&r=g\",\"contentUrl\":\"https:\/\/secure.gravatar.com\/avatar\/ae6b8b3559c26ed45bba6735458bd564?s=96&d=identicon&r=g\",\"caption\":\"La r\u00e9daction\"},\"sameAs\":[\"http:\/\/usagers-transports.haut-allier.eu\/\"],\"url\":\"https:\/\/massif-central.nous-voyageurs.eu\/?author=2\"}]}<\/script>\n<!-- \/ Yoast SEO plugin. -->","yoast_head_json":{"title":"Les bus TER en r\u00e9gion Auvergne Rh\u00f4ne Alpes : les plaintes des voyageurs se multiplient - Nous, Voyageurs ! Massif Central","robots":{"index":"index","follow":"follow","max-snippet":"max-snippet:-1","max-image-preview":"max-image-preview:large","max-video-preview":"max-video-preview:-1"},"canonical":"https:\/\/massif-central.nous-voyageurs.eu\/?p=104355","og_locale":"fr_FR","og_type":"article","og_title":"Les bus TER en r\u00e9gion Auvergne Rh\u00f4ne Alpes : les plaintes des voyageurs se multiplient - Nous, Voyageurs ! Massif Central","og_description":"\u00ab\u00a0La r\u00e9gion vous transporte\u00a0\u00bb nous raconte le slogan de la r\u00e9gion Auvergne Rh\u00f4ne Alpes, nous ajouterons \u00ab\u00a0Peut-\u00eatre, mais","og_url":"https:\/\/massif-central.nous-voyageurs.eu\/?p=104355","og_site_name":"Nous, Voyageurs ! Massif Central","article_published_time":"2026-07-28T05:25:13+00:00","og_image":[{"width":640,"height":480,"url":"https:\/\/massif-central.nous-voyageurs.eu\/wp-content\/uploads\/2026\/09\/Les-bus-TER-en-r\u00e9gion-Auvergne-Rh\u00f4ne-Alpes--les-plaintes-des-voyageurs-se-multiplient.png","type":"image\/png"}],"author":"La r\u00e9daction","twitter_card":"summary_large_image","twitter_misc":{"\u00c9crit par":"La r\u00e9daction","Dur\u00e9e de lecture estim\u00e9e":"3 minutes"},"schema":{"@context":"https:\/\/schema.org","@graph":[{"@type":"WebPage","@id":"https:\/\/massif-central.nous-voyageurs.eu\/?p=104355","url":"https:\/\/massif-central.nous-voyageurs.eu\/?p=104355","name":"Les bus TER en r\u00e9gion Auvergne Rh\u00f4ne Alpes : les plaintes des voyageurs se multiplient - Nous, Voyageurs ! Massif Central","isPartOf":{"@id":"https:\/\/massif-central.nous-voyageurs.eu\/#website"},"datePublished":"2026-07-28T05:25:13+00:00","dateModified":"2026-07-28T05:25:13+00:00","author":{"@id":"https:\/\/massif-central.nous-voyageurs.eu\/#\/schema\/person\/fc33acb380fd253b252148d16184ab5d"},"breadcrumb":{"@id":"https:\/\/massif-central.nous-voyageurs.eu\/?p=104355#breadcrumb"},"inLanguage":"fr-FR","potentialAction":[{"@type":"ReadAction","target":["https:\/\/massif-central.nous-voyageurs.eu\/?p=104355"]}]},{"@type":"BreadcrumbList","@id":"https:\/\/massif-central.nous-voyageurs.eu\/?p=104355#breadcrumb","itemListElement":[{"@type":"ListItem","position":1,"name":"Accueil","item":"https:\/\/massif-central.nous-voyageurs.eu\/"},{"@type":"ListItem","position":2,"name":"Les bus TER en r\u00e9gion Auvergne Rh\u00f4ne Alpes : les plaintes des voyageurs se multiplient"}]},{"@type":"WebSite","@id":"https:\/\/massif-central.nous-voyageurs.eu\/#website","url":"https:\/\/massif-central.nous-voyageurs.eu\/","name":"Nous, Voyageurs ! Massif Central","description":"Les usagers du Massif central fran\u00e7ais ensemble dans un collectif ind\u00e9pendant","potentialAction":[{"@type":"SearchAction","target":{"@type":"EntryPoint","urlTemplate":"https:\/\/massif-central.nous-voyageurs.eu\/?s={search_term_string}"},"query-input":"required name=search_term_string"}],"inLanguage":"fr-FR"},{"@type":"Person","@id":"https:\/\/massif-central.nous-voyageurs.eu\/#\/schema\/person\/fc33acb380fd253b252148d16184ab5d","name":"La r\u00e9daction","image":{"@type":"ImageObject","inLanguage":"fr-FR","@id":"https:\/\/massif-central.nous-voyageurs.eu\/#\/schema\/person\/image\/","url":"https:\/\/secure.gravatar.com\/avatar\/ae6b8b3559c26ed45bba6735458bd564?s=96&d=identicon&r=g","contentUrl":"https:\/\/secure.gravatar.com\/avatar\/ae6b8b3559c26ed45bba6735458bd564?s=96&d=identicon&r=g","caption":"La r\u00e9daction"},"sameAs":["http:\/\/usagers-transports.haut-allier.eu\/"],"url":"https:\/\/massif-central.nous-voyageurs.eu\/?author=2"}]}},"_links":{"self":[{"href":"https:\/\/massif-central.nous-voyageurs.eu\/index.php?rest_route=\/wp\/v2\/posts\/104355"}],"collection":[{"href":"https:\/\/massif-central.nous-voyageurs.eu\/index.php?rest_route=\/wp\/v2\/posts"}],"about":[{"href":"https:\/\/massif-central.nous-voyageurs.eu\/index.php?rest_route=\/wp\/v2\/types\/post"}],"author":[{"embeddable":true,"href":"https:\/\/massif-central.nous-voyageurs.eu\/index.php?rest_route=\/wp\/v2\/users\/2"}],"replies":[{"embeddable":true,"href":"https:\/\/massif-central.nous-voyageurs.eu\/index.php?rest_route=%2Fwp%2Fv2%2Fcomments&post=104355"}],"version-history":[{"count":1,"href":"https:\/\/massif-central.nous-voyageurs.eu\/index.php?rest_route=\/wp\/v2\/posts\/104355\/revisions"}],"predecessor-version":[{"id":104357,"href":"https:\/\/massif-central.nous-voyageurs.eu\/index.php?rest_route=\/wp\/v2\/posts\/104355\/revisions\/104357"}],"wp:featuredmedia":[{"embeddable":true,"href":"https:\/\/massif-central.nous-voyageurs.eu\/index.php?rest_route=\/wp\/v2\/media\/104356"}],"wp:attachment":[{"href":"https:\/\/massif-central.nous-voyageurs.eu\/index.php?rest_route=%2Fwp%2Fv2%2Fmedia&parent=104355"}],"wp:term":[{"taxonomy":"category","embeddable":true,"href":"https:\/\/massif-central.nous-voyageurs.eu\/index.php?rest_route=%2Fwp%2Fv2%2Fcategories&post=104355"},{"taxonomy":"post_tag","embeddable":true,"href":"https:\/\/massif-central.nous-voyageurs.eu\/index.php?rest_route=%2Fwp%2Fv2%2Ftags&post=104355"}],"curies":[{"name":"wp","href":"https:\/\/api.w.org\/{rel}","templated":true}]}}