{"id":104362,"date":"2026-07-18T12:34:27","date_gmt":"2026-07-18T11:34:27","guid":{"rendered":"http:\/\/5.45.101.177\/haut-allier\/usagers-transportse\/index.php\/2026\/07\/18\/ligne-des-cevennes-plus-aucune1289\/"},"modified":"2026-07-18T12:34:27","modified_gmt":"2026-07-18T11:34:27","slug":"ligne-des-cevennes-plus-aucune-circulation-jusquau-7-aout-maj-jusquau-14","status":"publish","type":"post","link":"https:\/\/massif-central.nous-voyageurs.eu\/?p=104362","title":{"rendered":"Ligne des C\u00e9vennes : plus aucune circulation jusqu\u2019au 7 ao\u00fbt ! [MAJ : jusqu\u2019au 14 !]"},"content":{"rendered":"<p>En raison d&rsquo;un soit disant \u00e9boulement \u00ab\u00a0entre Langeac et Langogne\u00a0\u00bb le site TER SNCF et SNCF Connect nous informent qu&rsquo;aucune circulation de train aura lieu entre Clermont-Ferrand et N\u00eemes jusqu&rsquo;au 7 ao\u00fbt !<\/p>\n<p><img loading=\"lazy\" decoding=\"async\" class=\" aligncenter size-full wp-image-5911\" src=\"http:\/\/5.45.101.177\/haut-allier\/usagers-transportse\/wp-content\/uploads\/2026\/07\/972eeb41-8f0a-4ec5-9c37-157a6125fe30.jpg\" alt=\"972eeb41-8f0a-4ec5-9c37-157a6125fe30.jpg\" align=\"center\" width=\"408\" height=\"116\" srcset=\"https:\/\/usagers-transports.haut-allier.eu\/wp-content\/uploads\/2026\/07\/972eeb41-8f0a-4ec5-9c37-157a6125fe30.jpg 408w, https:\/\/usagers-transports.haut-allier.eu\/wp-content\/uploads\/2026\/07\/972eeb41-8f0a-4ec5-9c37-157a6125fe30-300x85.jpg 300w\" sizes=\"auto, (max-width: 408px) 100vw, 408px\" \/><\/p>\n<p>Dans un premier temps la r\u00e9ouverture \u00e9tait pr\u00e9vue le  jeudi 23\/07\/2026&#8230; Alors fausse information ou quoi ? On commence a \u00eatre habitu\u00e9 aux informations farfelues de leur part.<\/p>\n<p>Les sites n&rsquo;\u00e9voquent AUCUN MOYEN DE SUBSTITUTION si ce n&rsquo;est&#8230; votre voiture pour les gares de Chapeauroux, Alleyras et Monistrol d&rsquo;Allier ! On cro\u00eet r\u00eaver.<\/p>\n<p>C&rsquo;est pour cel\u00e0 que nous vous conseillons d&rsquo;appeler en masse le service de Transports \u00e0 la Demande (TAD) de la r\u00e9gion  Auvergne Rh\u00f4ne Alpes au [bleu violet]<strong>09 69 32 21 41<\/strong>[\/bleu violet], non surtax\u00e9. Il faut r\u00e9server la veille de son d\u00e9part. Pr\u00e9cisions :<\/p>\n<p><img loading=\"lazy\" decoding=\"async\" class=\" aligncenter size-full wp-image-5912\" src=\"http:\/\/5.45.101.177\/haut-allier\/usagers-transportse\/wp-content\/uploads\/2026\/07\/7f54e460-40b3-4669-b7ad-f5546d5242cb.jpg\" alt=\"7f54e460-40b3-4669-b7ad-f5546d5242cb.jpg\" align=\"center\" width=\"1123\" height=\"443\" srcset=\"https:\/\/usagers-transports.haut-allier.eu\/wp-content\/uploads\/2026\/07\/7f54e460-40b3-4669-b7ad-f5546d5242cb.jpg 1123w, https:\/\/usagers-transports.haut-allier.eu\/wp-content\/uploads\/2026\/07\/7f54e460-40b3-4669-b7ad-f5546d5242cb-300x118.jpg 300w, https:\/\/usagers-transports.haut-allier.eu\/wp-content\/uploads\/2026\/07\/7f54e460-40b3-4669-b7ad-f5546d5242cb-1024x404.jpg 1024w, https:\/\/usagers-transports.haut-allier.eu\/wp-content\/uploads\/2026\/07\/7f54e460-40b3-4669-b7ad-f5546d5242cb-768x303.jpg 768w\" sizes=\"auto, (max-width: 1123px) 100vw, 1123px\" \/><\/p>\n<p>Apr\u00e8s les arr\u00eats de service successifs dus aux \u00ab\u00a0conditions m\u00e9t\u00e9o\u00a0\u00bb que nous \u00e9voquions ici :<\/p>\n<p>https:\/\/usagers-transports.haut-allier.eu\/?plus-aucune-circulation-de-trains,1286.html<\/p>\n<p>&#8230;voil\u00e0 un soit-disant \u00e9boulement qui ne devrait pas \u00eatre tr\u00e8s important puisqu&rsquo;une date de remise en service est \u00e9voqu\u00e9e. Pas de commentaires de notre part.<\/p>\n<p>Nous vous tiendrons inform\u00e9s jour apr\u00e8s jour des fiches de circulations pr\u00e9vues :<\/p>\n<p><a href=\"http:\/\/5.45.101.177\/haut-allier\/usagers-transportse\/wp-content\/uploads\/2026\/07\/fh08_ligne_08___clermont_ferrand_-_nimes_dimanche-19-juillet-2026_a3_v1.pdf\">fh08_ligne_08___clermont_ferrand_-_nimes_dimanche-19-juillet-2026_a3_v1.pdf<\/a><\/p>\n<p>[fond rouge][blanc][Mise \u00e0 jour du 28 juillet][\/blanc][\/fond rouge]<\/p>\n<p>Les sites SNCF annoncent maintenant une reprise le 14 ao\u00fbt, presque un mois apr\u00e8s la coul\u00e9e de boue !<\/p>\n<p>Voici la fiche horaire du 28 au 31 juillet : Pas de circulations de trains ni de transport de substitution \u00e0 Chapeauroux, Alleyras et Monistrol d&rsquo;Allier \u00ab\u00a0en raison de contraintes d&rsquo;infrastructures\u00a0\u00bb. La fiche horaire :<\/p>\n<p><a href=\"http:\/\/5.45.101.177\/haut-allier\/usagers-transportse\/wp-content\/uploads\/2026\/07\/affiche_info_trafic_du_2807_au_3107_-_contraintes_d_infrastructure.pdf\">affiche_info_trafic_du_2807_au_3107_-_contraintes_d_infrastructure.pdf<\/a><\/p>\n<p>Innondez d&rsquo;appels le \u00ab\u00a0num\u00e9ro Crystal\u00a0\u00bb 09 69 32 21 41.<\/p>\n<p>Sinon article complet avec les vraies photos de \u00ab\u00a0l&rsquo;\u00e9boulement\u00a0\u00bb :<\/p>\n<p>https:\/\/usagers-transports.haut-allier.eu\/?exclusif-3-coulees-de-boue-coupent,1290.html<\/p>\n<p><em>(Image du logo de cet article g\u00e9n\u00e9r\u00e9e par IA)<\/em><\/p>\n<p>&nbsp;<\/p>\n<figure class=\"wp-block-gallery columns-1 is-cropped wp-block-gallery-8 is-layout-flex wp-block-gallery-is-layout-flex\">\n<ul class=\"blocks-gallery-grid\">\n<li class=\"blocks-gallery-item\">\n<figure>\n\t\t\t\t\t\t\t\t\t\t\t<img loading=\"lazy\" decoding=\"async\" width=\"1901\" height=\"1427\" src=\"http:\/\/5.45.101.177\/haut-allier\/usagers-transportse\/wp-content\/uploads\/2026\/07\/eboulement-haut-allier.jpg\"\n\t\t\t\t\t\t alt=\"eboulement-haut-allier.jpg\"\n\t\t\t\t\t\t data-id=\"5915\"\n\t\t\t\t\t\t data-full-url=\"http:\/\/5.45.101.177\/haut-allier\/usagers-transportse\/wp-content\/uploads\/2026\/07\/eboulement-haut-allier.jpg\"\n\t\t\t\t\t\t data-link=\"http:\/\/5.45.101.177\/haut-allier\/usagers-transportse\/attachment-eboulement-haut-allier-jpg\/\"\n\t\t\t\t\t\t class=\"wp-image-5915\" srcset=\"https:\/\/usagers-transports.haut-allier.eu\/wp-content\/uploads\/2026\/07\/eboulement-haut-allier.jpg 1901w, https:\/\/usagers-transports.haut-allier.eu\/wp-content\/uploads\/2026\/07\/eboulement-haut-allier-300x225.jpg 300w, https:\/\/usagers-transports.haut-allier.eu\/wp-content\/uploads\/2026\/07\/eboulement-haut-allier-1024x769.jpg 1024w, https:\/\/usagers-transports.haut-allier.eu\/wp-content\/uploads\/2026\/07\/eboulement-haut-allier-768x577.jpg 768w, https:\/\/usagers-transports.haut-allier.eu\/wp-content\/uploads\/2026\/07\/eboulement-haut-allier-1536x1153.jpg 1536w\" sizes=\"auto, (max-width: 1901px) 100vw, 1901px\" \/><br \/>\n\t\t\t\t<\/figure>\n<\/li>\n<\/ul>\n<\/figure>\n","protected":false},"excerpt":{"rendered":"<p>En raison d\u2019un soit disant \u00e9boulement \u00ab\u00a0entre Langeac et Langogne\u00a0\u00bb le site TER SNCF et SNCF Connect nous<\/p>\n","protected":false},"author":12,"featured_media":104365,"comment_status":"open","ping_status":"open","sticky":false,"template":"","format":"standard","meta":[],"categories":[7],"tags":[],"yoast_head":"<!-- This site is optimized with the Yoast SEO plugin v19.6 - https:\/\/yoast.com\/wordpress\/plugins\/seo\/ -->\n<title>Ligne des C\u00e9vennes : plus aucune circulation jusqu\u2019au 7 ao\u00fbt ! [MAJ : jusqu\u2019au 14 !] - Nous, Voyageurs ! Massif Central<\/title>\n<meta name=\"robots\" content=\"index, follow, max-snippet:-1, max-image-preview:large, max-video-preview:-1\" \/>\n<link rel=\"canonical\" href=\"https:\/\/massif-central.nous-voyageurs.eu\/?p=104362\" \/>\n<meta property=\"og:locale\" content=\"fr_FR\" \/>\n<meta property=\"og:type\" content=\"article\" \/>\n<meta property=\"og:title\" content=\"Ligne des C\u00e9vennes : plus aucune circulation jusqu\u2019au 7 ao\u00fbt ! [MAJ : jusqu\u2019au 14 !] - Nous, Voyageurs ! Massif Central\" \/>\n<meta property=\"og:description\" content=\"En raison d\u2019un soit disant \u00e9boulement \u00ab\u00a0entre Langeac et Langogne\u00a0\u00bb le site TER SNCF et SNCF Connect nous\" \/>\n<meta property=\"og:url\" content=\"https:\/\/massif-central.nous-voyageurs.eu\/?p=104362\" \/>\n<meta property=\"og:site_name\" content=\"Nous, Voyageurs ! Massif Central\" \/>\n<meta property=\"article:published_time\" content=\"2026-07-18T11:34:27+00:00\" \/>\n<meta property=\"og:image\" content=\"https:\/\/massif-central.nous-voyageurs.eu\/wp-content\/uploads\/2026\/09\/Ligne-des-C\u00e9vennes--plus-aucune-circulation-jusquau-7-ao\u00fbt--MAJ--jusquau-14-.png\" \/>\n\t<meta property=\"og:image:width\" content=\"640\" \/>\n\t<meta property=\"og:image:height\" content=\"480\" \/>\n\t<meta property=\"og:image:type\" content=\"image\/png\" \/>\n<meta name=\"author\" content=\"mko\" \/>\n<meta name=\"twitter:card\" content=\"summary_large_image\" \/>\n<meta name=\"twitter:label1\" content=\"\u00c9crit par\" \/>\n\t<meta name=\"twitter:data1\" content=\"mko\" \/>\n\t<meta name=\"twitter:label2\" content=\"Dur\u00e9e de lecture estim\u00e9e\" \/>\n\t<meta name=\"twitter:data2\" content=\"2 minutes\" \/>\n<script type=\"application\/ld+json\" class=\"yoast-schema-graph\">{\"@context\":\"https:\/\/schema.org\",\"@graph\":[{\"@type\":\"WebPage\",\"@id\":\"https:\/\/massif-central.nous-voyageurs.eu\/?p=104362\",\"url\":\"https:\/\/massif-central.nous-voyageurs.eu\/?p=104362\",\"name\":\"Ligne des C\u00e9vennes : plus aucune circulation jusqu\u2019au 7 ao\u00fbt ! [MAJ : jusqu\u2019au 14 !] - Nous, Voyageurs ! Massif Central\",\"isPartOf\":{\"@id\":\"https:\/\/massif-central.nous-voyageurs.eu\/#website\"},\"datePublished\":\"2026-07-18T11:34:27+00:00\",\"dateModified\":\"2026-07-18T11:34:27+00:00\",\"author\":{\"@id\":\"https:\/\/massif-central.nous-voyageurs.eu\/#\/schema\/person\/bb64fa24c6ce28fe69e990fc20a7a3d1\"},\"breadcrumb\":{\"@id\":\"https:\/\/massif-central.nous-voyageurs.eu\/?p=104362#breadcrumb\"},\"inLanguage\":\"fr-FR\",\"potentialAction\":[{\"@type\":\"ReadAction\",\"target\":[\"https:\/\/massif-central.nous-voyageurs.eu\/?p=104362\"]}]},{\"@type\":\"BreadcrumbList\",\"@id\":\"https:\/\/massif-central.nous-voyageurs.eu\/?p=104362#breadcrumb\",\"itemListElement\":[{\"@type\":\"ListItem\",\"position\":1,\"name\":\"Accueil\",\"item\":\"https:\/\/massif-central.nous-voyageurs.eu\/\"},{\"@type\":\"ListItem\",\"position\":2,\"name\":\"Ligne des C\u00e9vennes : plus aucune circulation jusqu\u2019au 7 ao\u00fbt ! [MAJ : jusqu\u2019au 14 !]\"}]},{\"@type\":\"WebSite\",\"@id\":\"https:\/\/massif-central.nous-voyageurs.eu\/#website\",\"url\":\"https:\/\/massif-central.nous-voyageurs.eu\/\",\"name\":\"Nous, Voyageurs ! Massif Central\",\"description\":\"Les usagers du Massif central fran\u00e7ais ensemble dans un collectif ind\u00e9pendant\",\"potentialAction\":[{\"@type\":\"SearchAction\",\"target\":{\"@type\":\"EntryPoint\",\"urlTemplate\":\"https:\/\/massif-central.nous-voyageurs.eu\/?s={search_term_string}\"},\"query-input\":\"required name=search_term_string\"}],\"inLanguage\":\"fr-FR\"},{\"@type\":\"Person\",\"@id\":\"https:\/\/massif-central.nous-voyageurs.eu\/#\/schema\/person\/bb64fa24c6ce28fe69e990fc20a7a3d1\",\"name\":\"mko\",\"image\":{\"@type\":\"ImageObject\",\"inLanguage\":\"fr-FR\",\"@id\":\"https:\/\/massif-central.nous-voyageurs.eu\/#\/schema\/person\/image\/\",\"url\":\"https:\/\/secure.gravatar.com\/avatar\/097c92303d23183b2c84c021b68cdfa8?s=96&d=identicon&r=g\",\"contentUrl\":\"https:\/\/secure.gravatar.com\/avatar\/097c92303d23183b2c84c021b68cdfa8?s=96&d=identicon&r=g\",\"caption\":\"mko\"},\"sameAs\":[\"https:\/\/usagers-transports.haut-allier.eu\/\"],\"url\":\"https:\/\/massif-central.nous-voyageurs.eu\/?author=12\"}]}<\/script>\n<!-- \/ Yoast SEO plugin. -->","yoast_head_json":{"title":"Ligne des C\u00e9vennes : plus aucune circulation jusqu\u2019au 7 ao\u00fbt ! [MAJ : jusqu\u2019au 14 !] - Nous, Voyageurs ! Massif Central","robots":{"index":"index","follow":"follow","max-snippet":"max-snippet:-1","max-image-preview":"max-image-preview:large","max-video-preview":"max-video-preview:-1"},"canonical":"https:\/\/massif-central.nous-voyageurs.eu\/?p=104362","og_locale":"fr_FR","og_type":"article","og_title":"Ligne des C\u00e9vennes : plus aucune circulation jusqu\u2019au 7 ao\u00fbt ! [MAJ : jusqu\u2019au 14 !] - Nous, Voyageurs ! Massif Central","og_description":"En raison d\u2019un soit disant \u00e9boulement \u00ab\u00a0entre Langeac et Langogne\u00a0\u00bb le site TER SNCF et SNCF Connect nous","og_url":"https:\/\/massif-central.nous-voyageurs.eu\/?p=104362","og_site_name":"Nous, Voyageurs ! Massif Central","article_published_time":"2026-07-18T11:34:27+00:00","og_image":[{"width":640,"height":480,"url":"https:\/\/massif-central.nous-voyageurs.eu\/wp-content\/uploads\/2026\/09\/Ligne-des-C\u00e9vennes--plus-aucune-circulation-jusquau-7-ao\u00fbt--MAJ--jusquau-14-.png","type":"image\/png"}],"author":"mko","twitter_card":"summary_large_image","twitter_misc":{"\u00c9crit par":"mko","Dur\u00e9e de lecture estim\u00e9e":"2 minutes"},"schema":{"@context":"https:\/\/schema.org","@graph":[{"@type":"WebPage","@id":"https:\/\/massif-central.nous-voyageurs.eu\/?p=104362","url":"https:\/\/massif-central.nous-voyageurs.eu\/?p=104362","name":"Ligne des C\u00e9vennes : plus aucune circulation jusqu\u2019au 7 ao\u00fbt ! [MAJ : jusqu\u2019au 14 !] - Nous, Voyageurs ! Massif Central","isPartOf":{"@id":"https:\/\/massif-central.nous-voyageurs.eu\/#website"},"datePublished":"2026-07-18T11:34:27+00:00","dateModified":"2026-07-18T11:34:27+00:00","author":{"@id":"https:\/\/massif-central.nous-voyageurs.eu\/#\/schema\/person\/bb64fa24c6ce28fe69e990fc20a7a3d1"},"breadcrumb":{"@id":"https:\/\/massif-central.nous-voyageurs.eu\/?p=104362#breadcrumb"},"inLanguage":"fr-FR","potentialAction":[{"@type":"ReadAction","target":["https:\/\/massif-central.nous-voyageurs.eu\/?p=104362"]}]},{"@type":"BreadcrumbList","@id":"https:\/\/massif-central.nous-voyageurs.eu\/?p=104362#breadcrumb","itemListElement":[{"@type":"ListItem","position":1,"name":"Accueil","item":"https:\/\/massif-central.nous-voyageurs.eu\/"},{"@type":"ListItem","position":2,"name":"Ligne des C\u00e9vennes : plus aucune circulation jusqu\u2019au 7 ao\u00fbt ! [MAJ : jusqu\u2019au 14 !]"}]},{"@type":"WebSite","@id":"https:\/\/massif-central.nous-voyageurs.eu\/#website","url":"https:\/\/massif-central.nous-voyageurs.eu\/","name":"Nous, Voyageurs ! Massif Central","description":"Les usagers du Massif central fran\u00e7ais ensemble dans un collectif ind\u00e9pendant","potentialAction":[{"@type":"SearchAction","target":{"@type":"EntryPoint","urlTemplate":"https:\/\/massif-central.nous-voyageurs.eu\/?s={search_term_string}"},"query-input":"required name=search_term_string"}],"inLanguage":"fr-FR"},{"@type":"Person","@id":"https:\/\/massif-central.nous-voyageurs.eu\/#\/schema\/person\/bb64fa24c6ce28fe69e990fc20a7a3d1","name":"mko","image":{"@type":"ImageObject","inLanguage":"fr-FR","@id":"https:\/\/massif-central.nous-voyageurs.eu\/#\/schema\/person\/image\/","url":"https:\/\/secure.gravatar.com\/avatar\/097c92303d23183b2c84c021b68cdfa8?s=96&d=identicon&r=g","contentUrl":"https:\/\/secure.gravatar.com\/avatar\/097c92303d23183b2c84c021b68cdfa8?s=96&d=identicon&r=g","caption":"mko"},"sameAs":["https:\/\/usagers-transports.haut-allier.eu\/"],"url":"https:\/\/massif-central.nous-voyageurs.eu\/?author=12"}]}},"_links":{"self":[{"href":"https:\/\/massif-central.nous-voyageurs.eu\/index.php?rest_route=\/wp\/v2\/posts\/104362"}],"collection":[{"href":"https:\/\/massif-central.nous-voyageurs.eu\/index.php?rest_route=\/wp\/v2\/posts"}],"about":[{"href":"https:\/\/massif-central.nous-voyageurs.eu\/index.php?rest_route=\/wp\/v2\/types\/post"}],"author":[{"embeddable":true,"href":"https:\/\/massif-central.nous-voyageurs.eu\/index.php?rest_route=\/wp\/v2\/users\/12"}],"replies":[{"embeddable":true,"href":"https:\/\/massif-central.nous-voyageurs.eu\/index.php?rest_route=%2Fwp%2Fv2%2Fcomments&post=104362"}],"version-history":[{"count":1,"href":"https:\/\/massif-central.nous-voyageurs.eu\/index.php?rest_route=\/wp\/v2\/posts\/104362\/revisions"}],"predecessor-version":[{"id":104364,"href":"https:\/\/massif-central.nous-voyageurs.eu\/index.php?rest_route=\/wp\/v2\/posts\/104362\/revisions\/104364"}],"wp:featuredmedia":[{"embeddable":true,"href":"https:\/\/massif-central.nous-voyageurs.eu\/index.php?rest_route=\/wp\/v2\/media\/104365"}],"wp:attachment":[{"href":"https:\/\/massif-central.nous-voyageurs.eu\/index.php?rest_route=%2Fwp%2Fv2%2Fmedia&parent=104362"}],"wp:term":[{"taxonomy":"category","embeddable":true,"href":"https:\/\/massif-central.nous-voyageurs.eu\/index.php?rest_route=%2Fwp%2Fv2%2Fcategories&post=104362"},{"taxonomy":"post_tag","embeddable":true,"href":"https:\/\/massif-central.nous-voyageurs.eu\/index.php?rest_route=%2Fwp%2Fv2%2Ftags&post=104362"}],"curies":[{"name":"wp","href":"https:\/\/api.w.org\/{rel}","templated":true}]}}