{"id":104366,"date":"2026-07-18T09:37:31","date_gmt":"2026-07-18T08:37:31","guid":{"rendered":"http:\/\/5.45.101.177\/haut-allier\/usagers-transportse\/index.php\/2026\/07\/18\/28-aout-a-clermont-colloque-sur-le1288\/"},"modified":"2026-07-18T09:37:31","modified_gmt":"2026-07-18T08:37:31","slug":"28-aout-a-clermont-colloque-sur-le-retour-du-train-de-nuit-dans-le-massif-central-2","status":"publish","type":"post","link":"https:\/\/massif-central.nous-voyageurs.eu\/?p=104366","title":{"rendered":"28 ao\u00fbt \u00e0 Clermont : colloque sur le retour du train de nuit dans le massif central"},"content":{"rendered":"<p>L\u2019association Destination Trains de nuit dont nous sommes membre organise <strong>vendredi 28 ao\u00fbt<\/strong> prochain \u00e0 <strong>Clermont-Ferrand<\/strong> son colloque annuel dont le th\u00e8me sera :<\/p>\n<p>[blanc][fond bleu marine]<strong>\u201cLe retour du Train de nuit dans le Massif central\u201d<\/strong>[\/fond bleu marine][\/blanc]<\/p>\n<p>Il y sera question aussi du devenir du r\u00e9seau structurant de petites lignes en milieu rural et de moyenne montagne.<\/p>\n<p>Le colloque sera suivi le samedi 29 ao\u00fbt de l\u2019Assembl\u00e9e G\u00e9n\u00e9rale de l\u2019association au m\u00eame endroit.<\/p>\n<p><sc>Programme g\u00e9n\u00e9ral :<\/sc><\/p>\n<p>[blanc][fond vert]VENDREDI 28 AOUT 2026[\/fond vert][\/blanc]<\/p>\n<p>14h15 \u2013 16h45<br \/>\n[rouge]Visite des Ateliers d\u2019ACC-M (Construction et r\u00e9novation rames ferroviaires)[\/rouge]<br \/>\n32 rue du Pr\u00e9 la Reine (300m de la gare)<\/p>\n<p>17h30<br \/>\nAccueil des participants au colloque.<br \/>\nsalle La Go\u00e9lette , 7 av. de l\u2019Union Sovi\u00e9tique<\/p>\n<p>18h00 \u2013 21h00<br \/>\n<strong>Colloque de Destination Train de Nuit<\/strong><br \/>\nsalle La Go\u00e9lette , 7 av. de l\u2019Union Sovi\u00e9tique<\/p>\n<p>[rouge]Appel des acteurs et des citoyens \u00e0 relier en train de nuit direct Clermont-Ferrand et le Massif central \u00e0 Bruxelles via Paris (Val de Fontenay)[\/rouge]<\/p>\n<p>\u2013 Faisabilit\u00e9 technique et \u00e9conomique de la proposition<br \/>\n\u2013 Mise en place d\u2019un agenda<br \/>\n\u2013 Le projet de train de nuit des festivals du massif central pour l\u2019\u00e9t\u00e9 2027<\/p>\n<p>19h30<br \/>\n[rouge]Qui r\u00e9tablira le train dans les zones rurales et de moyenne montagne, th\u00e9\u00e2tres d\u2019une gestion calamiteuse du r\u00e9seau ferroviaire fran\u00e7ais ?[\/rouge]<\/p>\n<p>\u2013 Exemple du Massif central : un service ferroviaire cadav\u00e9rique reposant sur des embryons de grands axes et des lignes en tr\u00e8s mauvais \u00e9tat.<br \/>\n\u2013 L\u2019Etat, son gouvernement, la SNCF, feraient la sourde oreille et pr\u00e9f\u00e9reraient l\u2019immobilisme ?<br \/>\n\u2013 Les moyens salvateurs arriveront-ils \u00e0 temps ?<\/p>\n<p>[blanc][fond vert]SAMEDI 29 AOUT 2026[\/fond vert][\/blanc]<\/p>\n<p>08h00 \u2013 08h30<br \/>\nAccueil caf\u00e9<br \/>\nsalle La Go\u00e9lette , 7 av. de l\u2019Union Sovi\u00e9tique<\/p>\n<p>09h00 \u2013 11H30<br \/>\n[rouge]Assembl\u00e9e g\u00e9n\u00e9rale de Destination Trains de Nuit ouverte \u00e0 tous[\/rouge]<br \/>\nsalle La Go\u00e9lette, 7 av. de l\u2019Union Sovi\u00e9tique<\/p>\n<p>11h30 \u2013 12H00<br \/>\n[rouge]Conf\u00e9rence de presse[\/rouge]<br \/>\nsalle La Go\u00e9lette, 7 av. de l\u2019Union Sovi\u00e9tique<\/p>\n<p>[fond bleu clair]EN PRATIQUE[\/fond bleu clair]<br \/>\nAcc\u00e8s gare vers la salle La Go\u00e9lette \u00e0 3 minutes.<br \/>\nRepas et h\u00e9bergements sur r\u00e9servation avant le 24 ao\u00fbt.<br \/>\nInfos  mailto:marcgout@free.fr<\/p>\n<p>Coordonn\u00e9es GPS<br \/>\nLatitude 47.6193757 (D\u00e9cimal)<br \/>\nLongitude 6.1529374 (D\u00e9cimal)<br \/>\nLatitude &lsquo;N 47\u00b0 37&prime; 9.7536\u00a0\u00bb (+47\u00b0 37&prime; 9.7536\u00a0\u00bb)&rsquo; (Sexag\u00e9simal)<br \/>\nLongitude &lsquo;E 6\u00b0 9&prime; 10.5726\u00a0\u00bb (+6\u00b0 9&prime; 10.5726\u00a0\u00bb)&rsquo; (Sexag\u00e9simal)<\/p>\n<p>Nous esp\u00e9rons vous y rencontrer.<\/p>\n<p><img loading=\"lazy\" decoding=\"async\" class=\" aligncenter size-full wp-image-5908\" src=\"http:\/\/5.45.101.177\/haut-allier\/usagers-transportse\/wp-content\/uploads\/2026\/07\/dtn-annonce-colloque-28aout2026-clermont-ferrand-vf.jpg\" alt=\"dtn-annonce-colloque-28aout2026-clermont-ferrand-vf.jpg\" align=\"center\" width=\"1571\" height=\"2222\" srcset=\"https:\/\/usagers-transports.haut-allier.eu\/wp-content\/uploads\/2026\/07\/dtn-annonce-colloque-28aout2026-clermont-ferrand-vf.jpg 1571w, https:\/\/usagers-transports.haut-allier.eu\/wp-content\/uploads\/2026\/07\/dtn-annonce-colloque-28aout2026-clermont-ferrand-vf-212x300.jpg 212w, https:\/\/usagers-transports.haut-allier.eu\/wp-content\/uploads\/2026\/07\/dtn-annonce-colloque-28aout2026-clermont-ferrand-vf-724x1024.jpg 724w, https:\/\/usagers-transports.haut-allier.eu\/wp-content\/uploads\/2026\/07\/dtn-annonce-colloque-28aout2026-clermont-ferrand-vf-768x1086.jpg 768w, https:\/\/usagers-transports.haut-allier.eu\/wp-content\/uploads\/2026\/07\/dtn-annonce-colloque-28aout2026-clermont-ferrand-vf-1086x1536.jpg 1086w, https:\/\/usagers-transports.haut-allier.eu\/wp-content\/uploads\/2026\/07\/dtn-annonce-colloque-28aout2026-clermont-ferrand-vf-1448x2048.jpg 1448w\" sizes=\"auto, (max-width: 1571px) 100vw, 1571px\" \/><\/p>\n<p>&nbsp;<\/p>\n<figure class=\"wp-block-gallery columns-1 is-cropped wp-block-gallery-9 is-layout-flex wp-block-gallery-is-layout-flex\">\n<ul class=\"blocks-gallery-grid\">\n<li class=\"blocks-gallery-item\">\n<figure>\n\t\t\t\t\t\t\t\t\t\t\t<img loading=\"lazy\" decoding=\"async\" width=\"1741\" height=\"1170\" src=\"http:\/\/5.45.101.177\/haut-allier\/usagers-transportse\/wp-content\/uploads\/2026\/07\/train-auvergne-3-2-r.jpg\"\n\t\t\t\t\t\t alt=\"train-auvergne-3-2-r.jpg\"\n\t\t\t\t\t\t data-id=\"5909\"\n\t\t\t\t\t\t data-full-url=\"http:\/\/5.45.101.177\/haut-allier\/usagers-transportse\/wp-content\/uploads\/2026\/07\/train-auvergne-3-2-r.jpg\"\n\t\t\t\t\t\t data-link=\"http:\/\/5.45.101.177\/haut-allier\/usagers-transportse\/attachment-train-auvergne-3-2-r-jpg\/\"\n\t\t\t\t\t\t class=\"wp-image-5909\" srcset=\"https:\/\/usagers-transports.haut-allier.eu\/wp-content\/uploads\/2026\/07\/train-auvergne-3-2-r.jpg 1741w, https:\/\/usagers-transports.haut-allier.eu\/wp-content\/uploads\/2026\/07\/train-auvergne-3-2-r-300x202.jpg 300w, https:\/\/usagers-transports.haut-allier.eu\/wp-content\/uploads\/2026\/07\/train-auvergne-3-2-r-1024x688.jpg 1024w, https:\/\/usagers-transports.haut-allier.eu\/wp-content\/uploads\/2026\/07\/train-auvergne-3-2-r-768x516.jpg 768w, https:\/\/usagers-transports.haut-allier.eu\/wp-content\/uploads\/2026\/07\/train-auvergne-3-2-r-1536x1032.jpg 1536w\" sizes=\"auto, (max-width: 1741px) 100vw, 1741px\" \/><br \/>\n\t\t\t\t<\/figure>\n<\/li>\n<\/ul>\n<\/figure>\n","protected":false},"excerpt":{"rendered":"<p>L\u2019association Destination Trains de nuit dont nous sommes membre organise vendredi 28 ao\u00fbt prochain \u00e0 Clermont-Ferrand son colloque<\/p>\n","protected":false},"author":12,"featured_media":104369,"comment_status":"open","ping_status":"open","sticky":false,"template":"","format":"standard","meta":[],"categories":[7],"tags":[],"yoast_head":"<!-- This site is optimized with the Yoast SEO plugin v19.6 - https:\/\/yoast.com\/wordpress\/plugins\/seo\/ -->\n<title>28 ao\u00fbt \u00e0 Clermont : colloque sur le retour du train de nuit dans le massif central - Nous, Voyageurs ! Massif Central<\/title>\n<meta name=\"robots\" content=\"index, follow, max-snippet:-1, max-image-preview:large, max-video-preview:-1\" \/>\n<link rel=\"canonical\" href=\"https:\/\/massif-central.nous-voyageurs.eu\/?p=104366\" \/>\n<meta property=\"og:locale\" content=\"fr_FR\" \/>\n<meta property=\"og:type\" content=\"article\" \/>\n<meta property=\"og:title\" content=\"28 ao\u00fbt \u00e0 Clermont : colloque sur le retour du train de nuit dans le massif central - Nous, Voyageurs ! Massif Central\" \/>\n<meta property=\"og:description\" content=\"L\u2019association Destination Trains de nuit dont nous sommes membre organise vendredi 28 ao\u00fbt prochain \u00e0 Clermont-Ferrand son colloque\" \/>\n<meta property=\"og:url\" content=\"https:\/\/massif-central.nous-voyageurs.eu\/?p=104366\" \/>\n<meta property=\"og:site_name\" content=\"Nous, Voyageurs ! Massif Central\" \/>\n<meta property=\"article:published_time\" content=\"2026-07-18T08:37:31+00:00\" \/>\n<meta property=\"og:image\" content=\"https:\/\/massif-central.nous-voyageurs.eu\/wp-content\/uploads\/2026\/09\/28-ao\u00fbt-\u00e0-Clermont--colloque-sur-le-retour-du-train-de-nuit-dans-le-massif-central.png\" \/>\n\t<meta property=\"og:image:width\" content=\"640\" \/>\n\t<meta property=\"og:image:height\" content=\"480\" \/>\n\t<meta property=\"og:image:type\" content=\"image\/png\" \/>\n<meta name=\"author\" content=\"mko\" \/>\n<meta name=\"twitter:card\" content=\"summary_large_image\" \/>\n<meta name=\"twitter:label1\" content=\"\u00c9crit par\" \/>\n\t<meta name=\"twitter:data1\" content=\"mko\" \/>\n\t<meta name=\"twitter:label2\" content=\"Dur\u00e9e de lecture estim\u00e9e\" \/>\n\t<meta name=\"twitter:data2\" content=\"2 minutes\" \/>\n<script type=\"application\/ld+json\" class=\"yoast-schema-graph\">{\"@context\":\"https:\/\/schema.org\",\"@graph\":[{\"@type\":\"WebPage\",\"@id\":\"https:\/\/massif-central.nous-voyageurs.eu\/?p=104366\",\"url\":\"https:\/\/massif-central.nous-voyageurs.eu\/?p=104366\",\"name\":\"28 ao\u00fbt \u00e0 Clermont : colloque sur le retour du train de nuit dans le massif central - Nous, Voyageurs ! Massif Central\",\"isPartOf\":{\"@id\":\"https:\/\/massif-central.nous-voyageurs.eu\/#website\"},\"datePublished\":\"2026-07-18T08:37:31+00:00\",\"dateModified\":\"2026-07-18T08:37:31+00:00\",\"author\":{\"@id\":\"https:\/\/massif-central.nous-voyageurs.eu\/#\/schema\/person\/bb64fa24c6ce28fe69e990fc20a7a3d1\"},\"breadcrumb\":{\"@id\":\"https:\/\/massif-central.nous-voyageurs.eu\/?p=104366#breadcrumb\"},\"inLanguage\":\"fr-FR\",\"potentialAction\":[{\"@type\":\"ReadAction\",\"target\":[\"https:\/\/massif-central.nous-voyageurs.eu\/?p=104366\"]}]},{\"@type\":\"BreadcrumbList\",\"@id\":\"https:\/\/massif-central.nous-voyageurs.eu\/?p=104366#breadcrumb\",\"itemListElement\":[{\"@type\":\"ListItem\",\"position\":1,\"name\":\"Accueil\",\"item\":\"https:\/\/massif-central.nous-voyageurs.eu\/\"},{\"@type\":\"ListItem\",\"position\":2,\"name\":\"28 ao\u00fbt \u00e0 Clermont : colloque sur le retour du train de nuit dans le massif central\"}]},{\"@type\":\"WebSite\",\"@id\":\"https:\/\/massif-central.nous-voyageurs.eu\/#website\",\"url\":\"https:\/\/massif-central.nous-voyageurs.eu\/\",\"name\":\"Nous, Voyageurs ! Massif Central\",\"description\":\"Les usagers du Massif central fran\u00e7ais ensemble dans un collectif ind\u00e9pendant\",\"potentialAction\":[{\"@type\":\"SearchAction\",\"target\":{\"@type\":\"EntryPoint\",\"urlTemplate\":\"https:\/\/massif-central.nous-voyageurs.eu\/?s={search_term_string}\"},\"query-input\":\"required name=search_term_string\"}],\"inLanguage\":\"fr-FR\"},{\"@type\":\"Person\",\"@id\":\"https:\/\/massif-central.nous-voyageurs.eu\/#\/schema\/person\/bb64fa24c6ce28fe69e990fc20a7a3d1\",\"name\":\"mko\",\"image\":{\"@type\":\"ImageObject\",\"inLanguage\":\"fr-FR\",\"@id\":\"https:\/\/massif-central.nous-voyageurs.eu\/#\/schema\/person\/image\/\",\"url\":\"https:\/\/secure.gravatar.com\/avatar\/097c92303d23183b2c84c021b68cdfa8?s=96&d=identicon&r=g\",\"contentUrl\":\"https:\/\/secure.gravatar.com\/avatar\/097c92303d23183b2c84c021b68cdfa8?s=96&d=identicon&r=g\",\"caption\":\"mko\"},\"sameAs\":[\"https:\/\/usagers-transports.haut-allier.eu\/\"],\"url\":\"https:\/\/massif-central.nous-voyageurs.eu\/?author=12\"}]}<\/script>\n<!-- \/ Yoast SEO plugin. -->","yoast_head_json":{"title":"28 ao\u00fbt \u00e0 Clermont : colloque sur le retour du train de nuit dans le massif central - Nous, Voyageurs ! Massif Central","robots":{"index":"index","follow":"follow","max-snippet":"max-snippet:-1","max-image-preview":"max-image-preview:large","max-video-preview":"max-video-preview:-1"},"canonical":"https:\/\/massif-central.nous-voyageurs.eu\/?p=104366","og_locale":"fr_FR","og_type":"article","og_title":"28 ao\u00fbt \u00e0 Clermont : colloque sur le retour du train de nuit dans le massif central - Nous, Voyageurs ! Massif Central","og_description":"L\u2019association Destination Trains de nuit dont nous sommes membre organise vendredi 28 ao\u00fbt prochain \u00e0 Clermont-Ferrand son colloque","og_url":"https:\/\/massif-central.nous-voyageurs.eu\/?p=104366","og_site_name":"Nous, Voyageurs ! Massif Central","article_published_time":"2026-07-18T08:37:31+00:00","og_image":[{"width":640,"height":480,"url":"https:\/\/massif-central.nous-voyageurs.eu\/wp-content\/uploads\/2026\/09\/28-ao\u00fbt-\u00e0-Clermont--colloque-sur-le-retour-du-train-de-nuit-dans-le-massif-central.png","type":"image\/png"}],"author":"mko","twitter_card":"summary_large_image","twitter_misc":{"\u00c9crit par":"mko","Dur\u00e9e de lecture estim\u00e9e":"2 minutes"},"schema":{"@context":"https:\/\/schema.org","@graph":[{"@type":"WebPage","@id":"https:\/\/massif-central.nous-voyageurs.eu\/?p=104366","url":"https:\/\/massif-central.nous-voyageurs.eu\/?p=104366","name":"28 ao\u00fbt \u00e0 Clermont : colloque sur le retour du train de nuit dans le massif central - Nous, Voyageurs ! Massif Central","isPartOf":{"@id":"https:\/\/massif-central.nous-voyageurs.eu\/#website"},"datePublished":"2026-07-18T08:37:31+00:00","dateModified":"2026-07-18T08:37:31+00:00","author":{"@id":"https:\/\/massif-central.nous-voyageurs.eu\/#\/schema\/person\/bb64fa24c6ce28fe69e990fc20a7a3d1"},"breadcrumb":{"@id":"https:\/\/massif-central.nous-voyageurs.eu\/?p=104366#breadcrumb"},"inLanguage":"fr-FR","potentialAction":[{"@type":"ReadAction","target":["https:\/\/massif-central.nous-voyageurs.eu\/?p=104366"]}]},{"@type":"BreadcrumbList","@id":"https:\/\/massif-central.nous-voyageurs.eu\/?p=104366#breadcrumb","itemListElement":[{"@type":"ListItem","position":1,"name":"Accueil","item":"https:\/\/massif-central.nous-voyageurs.eu\/"},{"@type":"ListItem","position":2,"name":"28 ao\u00fbt \u00e0 Clermont : colloque sur le retour du train de nuit dans le massif central"}]},{"@type":"WebSite","@id":"https:\/\/massif-central.nous-voyageurs.eu\/#website","url":"https:\/\/massif-central.nous-voyageurs.eu\/","name":"Nous, Voyageurs ! Massif Central","description":"Les usagers du Massif central fran\u00e7ais ensemble dans un collectif ind\u00e9pendant","potentialAction":[{"@type":"SearchAction","target":{"@type":"EntryPoint","urlTemplate":"https:\/\/massif-central.nous-voyageurs.eu\/?s={search_term_string}"},"query-input":"required name=search_term_string"}],"inLanguage":"fr-FR"},{"@type":"Person","@id":"https:\/\/massif-central.nous-voyageurs.eu\/#\/schema\/person\/bb64fa24c6ce28fe69e990fc20a7a3d1","name":"mko","image":{"@type":"ImageObject","inLanguage":"fr-FR","@id":"https:\/\/massif-central.nous-voyageurs.eu\/#\/schema\/person\/image\/","url":"https:\/\/secure.gravatar.com\/avatar\/097c92303d23183b2c84c021b68cdfa8?s=96&d=identicon&r=g","contentUrl":"https:\/\/secure.gravatar.com\/avatar\/097c92303d23183b2c84c021b68cdfa8?s=96&d=identicon&r=g","caption":"mko"},"sameAs":["https:\/\/usagers-transports.haut-allier.eu\/"],"url":"https:\/\/massif-central.nous-voyageurs.eu\/?author=12"}]}},"_links":{"self":[{"href":"https:\/\/massif-central.nous-voyageurs.eu\/index.php?rest_route=\/wp\/v2\/posts\/104366"}],"collection":[{"href":"https:\/\/massif-central.nous-voyageurs.eu\/index.php?rest_route=\/wp\/v2\/posts"}],"about":[{"href":"https:\/\/massif-central.nous-voyageurs.eu\/index.php?rest_route=\/wp\/v2\/types\/post"}],"author":[{"embeddable":true,"href":"https:\/\/massif-central.nous-voyageurs.eu\/index.php?rest_route=\/wp\/v2\/users\/12"}],"replies":[{"embeddable":true,"href":"https:\/\/massif-central.nous-voyageurs.eu\/index.php?rest_route=%2Fwp%2Fv2%2Fcomments&post=104366"}],"version-history":[{"count":1,"href":"https:\/\/massif-central.nous-voyageurs.eu\/index.php?rest_route=\/wp\/v2\/posts\/104366\/revisions"}],"predecessor-version":[{"id":104368,"href":"https:\/\/massif-central.nous-voyageurs.eu\/index.php?rest_route=\/wp\/v2\/posts\/104366\/revisions\/104368"}],"wp:featuredmedia":[{"embeddable":true,"href":"https:\/\/massif-central.nous-voyageurs.eu\/index.php?rest_route=\/wp\/v2\/media\/104369"}],"wp:attachment":[{"href":"https:\/\/massif-central.nous-voyageurs.eu\/index.php?rest_route=%2Fwp%2Fv2%2Fmedia&parent=104366"}],"wp:term":[{"taxonomy":"category","embeddable":true,"href":"https:\/\/massif-central.nous-voyageurs.eu\/index.php?rest_route=%2Fwp%2Fv2%2Fcategories&post=104366"},{"taxonomy":"post_tag","embeddable":true,"href":"https:\/\/massif-central.nous-voyageurs.eu\/index.php?rest_route=%2Fwp%2Fv2%2Ftags&post=104366"}],"curies":[{"name":"wp","href":"https:\/\/api.w.org\/{rel}","templated":true}]}}