{"id":35868,"date":"2023-01-17T21:39:09","date_gmt":"2023-01-17T20:39:09","guid":{"rendered":"http:\/\/usagers-transports.haut-allier.eu\/?le-rapport-du-comite-d-orientation,965"},"modified":"2023-01-17T21:39:09","modified_gmt":"2023-01-17T20:39:09","slug":"le-rapport-du-comite-dorientation-des-infrastructures-est-paru","status":"publish","type":"post","link":"https:\/\/massif-central.nous-voyageurs.eu\/?p=35868","title":{"rendered":"Le rapport du Comit\u00e9 d&rsquo;Orientation des Infrastructures est paru"},"content":{"rendered":"<p><img class='spip_logo spip_logo_right spip_logos' alt=\"\" style='float:right' src='http:\/\/usagers-transports.haut-allier.eu\/local\/cache-vignettes\/L600xH495\/arton965-1fa1d.jpg?1673988200' width='600' height='495' \/><\/p>\n<div class='rss_texte'>\n<p>Il comprend un grand volet concernant le ferroviaire et \u00e9tait tr\u00e8s attendu des usagers, des acteurs de la mobilit\u00e9, des \u00e9lus et du ministre des transports. Pr\u00e9sid\u00e9 par David Valence le <a href=\"https:\/\/www.ecologie.gouv.fr\/conseil-dorientation-des-infrastructures-coi\" class='spip_out' rel='external'><strong>COI<\/strong><\/a> a rendu un rapport qui conseille beaucoup plus de financement pour le train que n&rsquo;en veut le gouvernement. Mais aucun miracle en vue pour le Massif central, toujours laiss\u00e9 \u00e0 la tra\u00eene et d\u00e9consid\u00e9r\u00e9. Rien ne prouve que les recommandations du rapport seront suivies d&rsquo;effet. Mais si vous avez le temps et la curiosit\u00e9 lisez le il est tr\u00e8s int\u00e9ressant en ce qui concerne les diff\u00e9rents sujets abord\u00e9s, LGV, trains de nuit, trains Intercit\u00e9s, petites lignes&#8230; Nous nous autorisons simplement \u00e0 reprendre le site Mobilettre qui fait r\u00e9f\u00e9rence et son d\u00e9but de pr\u00e9sentation qui r\u00e9sume parfaitement :<br class='autobr' \/> <\/p>\n<blockquote class=\"spip_poesie\">\n<div>Le rapport du COI<\/div>\n<div> <\/div>\n<div>Invoqu\u00e9 chaque jour ou presque par le ministre Beaune depuis l&rsquo;automne, esp\u00e9r\u00e9 ou redout\u00e9 par les \u00e9lus locaux, les associations d&rsquo;usagers, les gestionnaires d&rsquo;infrastructure, les industriels et les op\u00e9rateurs, et d&rsquo;ores et d\u00e9j\u00e0 l&rsquo;objet de rudes tensions au sein du gouvernement\u2026 Le voici, le rapport du Conseil d&rsquo;orientation des infrastructures (COI), pr\u00e9sid\u00e9 par David Valence, ou plut\u00f4t les voici, le rapport de synth\u00e8se, 158 pages, et le rapport annexe, une revue des projets, 142 pages, que Mobilettre a d\u00e9cid\u00e9 de rendre publics.<\/div>\n<div> <\/div>\n<div>Nous les mettons \u00e0 votre disposition pour plusieurs raisons :<\/div>\n<div> <\/div>\n<div>&#8211; Parce que c&rsquo;est un rapport courageux, riche et de grande qualit\u00e9<\/div>\n<div>&#8211; Pour le dissocier des \u00e9l\u00e9ments de langage politique \u00e0 venir<\/div>\n<div>&#8211; Parce que les choix d&rsquo;infrastructures m\u00e9ritent une information large et transparente<\/div>\n<div>&#8211; Parce qu&rsquo;il rec\u00e8le plusieurs p\u00e9pites sur lesquelles nous ne r\u00e9sistons pas \u00e0 attirer votre attention\u2026<\/div>\n<div> <\/div>\n<div>Les membres du COI inaugurent de fait une nouvelle fa\u00e7on de faire de la politique avec les transports.<\/div>\n<div> <\/div>\n<div>Les temps ont chang\u00e9. Ce rapport du COI n&rsquo;est ni une liste quasi infinie de tous les projets, comme le fut le SNIT, ni une s\u00e9lection apparemment consensuelle, en r\u00e9alit\u00e9 pilot\u00e9e par les argentiers de Bercy. Le travail du COI version 2023 r\u00e9v\u00e8le une double adaptation, \u00e0 l&rsquo;archip\u00e9lisation de la vie politique qui complique tout consensus d&rsquo;inspiration technocratique et\/ou comptable, \u00e0 la priorit\u00e9 \u00e9cologique qui impose des choix diff\u00e9rents de ceux des deux derni\u00e8res d\u00e9cennies. Par l&rsquo;acceptation de divergences internes, par le refus du cadrage budg\u00e9taire de Bercy, les membres du COI inaugurent de fait une nouvelle fa\u00e7on de faire de la politique avec les transports. Se dirige-t-on vers un d\u00e9bat parlementaire f\u00e9cond et contradictoire qui pourrait d\u00e9boucher sur le vote solennel d&rsquo;une loi de programmation, \u00e0 la hauteur des enjeux d&rsquo;avenir qui concernent la Nation tout enti\u00e8re ? L&rsquo;hypoth\u00e8se nous r\u00e9jouit, parce que cela consacrerait la primaut\u00e9 du long terme sur les pol\u00e9miques politiciennes du moment.<\/div>\n<div> <\/div>\n<div>Nous n&rsquo;en sommes pas l\u00e0\u2026 L&rsquo;ex\u00e9cutif, \u00e9cartel\u00e9 entre l&rsquo;asc\u00e9tisme de Bercy et le nouveau paradigme \u00e9cologique, s&rsquo;appr\u00eaterait d\u00e8s ce d\u00e9but de semaine \u00e0 rendre des arbitrages as usual qui noient le poisson et gagnent du temps : \u00ab C&rsquo;est un rapport tr\u00e8s int\u00e9ressant qui m\u00e9rite d&rsquo;\u00eatre expertis\u00e9 dans les prochains mois et confront\u00e9 \u00e0 la r\u00e9alit\u00e9 budg\u00e9taire\u2026 \u00bb Nous verrons. Le ministre Cl\u00e9ment Beaune a tellement fait le teasing de ce rapport qu&rsquo;on attend qu&rsquo;il secoue le cocotier du conformisme et de la double main-mise Matignon-Bercy. Rappelons-nous simplement, et c&rsquo;est tout r\u00e9cent, qu&rsquo;avant de partir de Matignon, Jean Castex Premier ministre avait autoritairement fl\u00e9ch\u00e9 pas mal de cr\u00e9dits sur les trois nouvelles LGV (ou deux, si l&rsquo;on consid\u00e8re que la LNPCA est davantage un projet m\u00e9tropolitain), \u00e0 l&rsquo;encontre de la doxa \u00e9tablie par Emmanuel Macron lui-m\u00eame en 2017. Est-il encore possible d&rsquo;obtenir des arbitrages favorables \u00e0 la mobilit\u00e9 quotidienne, plus ferroviaires et fluviaux que routiers, dans la foul\u00e9e des recommandations d&rsquo;un COI volontariste ?<\/div>\n<\/blockquote>\n<p> <br class='autobr' \/><br \/>\nLisez l&rsquo;article complet <a href=\"https:\/\/www.mobilettre.com\/mobialerte-101-16-janvier-2023\/\" class='spip_out' rel='external'><i>ici<\/i><\/a>.<br class='autobr' \/> <\/p>\n<p>Et voici le rapport et son annexe \u00e0 t\u00e9l\u00e9charger :<\/p>\n<dl class='spip_document_2733 spip_documents spip_documents_center'>\n<dt><a href='http:\/\/usagers-transports.haut-allier.eu\/IMG\/pdf\/2023-01-06-coi_rapport_vdef-def-def.pdf' title='PDF - 5 Mo' type=\"application\/pdf\"><img src='http:\/\/usagers-transports.haut-allier.eu\/local\/cache-vignettes\/L52xH52\/pdf-39070.png?1667746233' width='52' height='52' alt='' \/><\/a><\/dt>\n<\/dl>\n<dl class='spip_document_2734 spip_documents spip_documents_center'>\n<dt><a href='http:\/\/usagers-transports.haut-allier.eu\/IMG\/pdf\/2023-01-06-coi_rapport-annexe-v4-acc.pdf' title='PDF - 4.6 Mo' type=\"application\/pdf\"><img src='http:\/\/usagers-transports.haut-allier.eu\/local\/cache-vignettes\/L52xH52\/pdf-39070.png?1667746233' width='52' height='52' alt='' \/><\/a><\/dt>\n<\/dl>\n<p> <br class='autobr' \/><br \/>\nBonne lecture.<\/p>\n<\/div>\n","protected":false},"excerpt":{"rendered":"<p>Il comprend un grand volet concernant le ferroviaire et \u00e9tait tr\u00e8s attendu des usagers, des acteurs de la mobilit\u00e9, des \u00e9lus et du ministre des transports. Pr\u00e9sid\u00e9 par David Valence le COI a rendu un rapport qui conseille beaucoup plus de financement pour le train que n&rsquo;en veut le gouvernement. Mais aucun miracle en vue pour le Massif central, toujours laiss\u00e9 \u00e0 la tra\u00eene et d\u00e9consid\u00e9r\u00e9. Rien ne prouve que les recommandations du rapport seront suivies d&rsquo;effet. Mais si vous avez le temps et la curiosit\u00e9 (&#8230;)<\/p>\n<p>&#8211;<br \/>\n<a href=\"http:\/\/usagers-transports.haut-allier.eu\/?-actualites-\" rel=\"directory\">Actualit\u00e9s<\/a><\/p>\n","protected":false},"author":3,"featured_media":35871,"comment_status":"open","ping_status":"open","sticky":false,"template":"","format":"standard","meta":[],"categories":[7],"tags":[],"yoast_head":"<!-- This site is optimized with the Yoast SEO plugin v19.6 - https:\/\/yoast.com\/wordpress\/plugins\/seo\/ -->\n<title>Le rapport du Comit\u00e9 d&#039;Orientation des Infrastructures est paru - Nous, Voyageurs ! Massif Central<\/title>\n<meta name=\"robots\" content=\"index, follow, max-snippet:-1, max-image-preview:large, max-video-preview:-1\" \/>\n<link rel=\"canonical\" href=\"https:\/\/massif-central.nous-voyageurs.eu\/?p=35868\" \/>\n<meta property=\"og:locale\" content=\"fr_FR\" \/>\n<meta property=\"og:type\" content=\"article\" \/>\n<meta property=\"og:title\" content=\"Le rapport du Comit\u00e9 d&#039;Orientation des Infrastructures est paru - Nous, Voyageurs ! Massif Central\" \/>\n<meta property=\"og:description\" content=\"Il comprend un grand volet concernant le ferroviaire et \u00e9tait tr\u00e8s attendu des usagers, des acteurs de la mobilit\u00e9, des \u00e9lus et du ministre des transports. Pr\u00e9sid\u00e9 par David Valence le COI a rendu un rapport qui conseille beaucoup plus de financement pour le train que n&#039;en veut le gouvernement. Mais aucun miracle en vue pour le Massif central, toujours laiss\u00e9 \u00e0 la tra\u00eene et d\u00e9consid\u00e9r\u00e9. Rien ne prouve que les recommandations du rapport seront suivies d&#039;effet. Mais si vous avez le temps et la curiosit\u00e9 (...)  - Actualit\u00e9s\" \/>\n<meta property=\"og:url\" content=\"https:\/\/massif-central.nous-voyageurs.eu\/?p=35868\" \/>\n<meta property=\"og:site_name\" content=\"Nous, Voyageurs ! Massif Central\" \/>\n<meta property=\"article:published_time\" content=\"2023-01-17T20:39:09+00:00\" \/>\n<meta property=\"og:image\" content=\"https:\/\/massif-central.nous-voyageurs.eu\/wp-content\/uploads\/2023\/01\/le-rapport-du-comit\u00e9-dorientation-des-infrastructures-est-paru.jpg\" \/>\n\t<meta property=\"og:image:width\" content=\"640\" \/>\n\t<meta property=\"og:image:height\" content=\"480\" \/>\n\t<meta property=\"og:image:type\" content=\"image\/jpeg\" \/>\n<meta name=\"author\" content=\"Collectif des Usagers des Transports du Haut-Allier\" \/>\n<meta name=\"twitter:card\" content=\"summary_large_image\" \/>\n<meta name=\"twitter:label1\" content=\"\u00c9crit par\" \/>\n\t<meta name=\"twitter:data1\" content=\"Collectif des Usagers des Transports du Haut-Allier\" \/>\n\t<meta name=\"twitter:label2\" content=\"Dur\u00e9e de lecture estim\u00e9e\" \/>\n\t<meta name=\"twitter:data2\" content=\"3 minutes\" \/>\n<script type=\"application\/ld+json\" class=\"yoast-schema-graph\">{\"@context\":\"https:\/\/schema.org\",\"@graph\":[{\"@type\":\"WebPage\",\"@id\":\"https:\/\/massif-central.nous-voyageurs.eu\/?p=35868\",\"url\":\"https:\/\/massif-central.nous-voyageurs.eu\/?p=35868\",\"name\":\"Le rapport du Comit\u00e9 d'Orientation des Infrastructures est paru - Nous, Voyageurs ! Massif Central\",\"isPartOf\":{\"@id\":\"https:\/\/massif-central.nous-voyageurs.eu\/#website\"},\"datePublished\":\"2023-01-17T20:39:09+00:00\",\"dateModified\":\"2023-01-17T20:39:09+00:00\",\"author\":{\"@id\":\"https:\/\/massif-central.nous-voyageurs.eu\/#\/schema\/person\/ce5522fcb3c388ffab12110fd4ac0715\"},\"breadcrumb\":{\"@id\":\"https:\/\/massif-central.nous-voyageurs.eu\/?p=35868#breadcrumb\"},\"inLanguage\":\"fr-FR\",\"potentialAction\":[{\"@type\":\"ReadAction\",\"target\":[\"https:\/\/massif-central.nous-voyageurs.eu\/?p=35868\"]}]},{\"@type\":\"BreadcrumbList\",\"@id\":\"https:\/\/massif-central.nous-voyageurs.eu\/?p=35868#breadcrumb\",\"itemListElement\":[{\"@type\":\"ListItem\",\"position\":1,\"name\":\"Accueil\",\"item\":\"https:\/\/massif-central.nous-voyageurs.eu\/\"},{\"@type\":\"ListItem\",\"position\":2,\"name\":\"Le rapport du Comit\u00e9 d&rsquo;Orientation des Infrastructures est paru\"}]},{\"@type\":\"WebSite\",\"@id\":\"https:\/\/massif-central.nous-voyageurs.eu\/#website\",\"url\":\"https:\/\/massif-central.nous-voyageurs.eu\/\",\"name\":\"Nous, Voyageurs ! Massif Central\",\"description\":\"Les usagers du Massif central fran\u00e7ais ensemble dans un collectif ind\u00e9pendant\",\"potentialAction\":[{\"@type\":\"SearchAction\",\"target\":{\"@type\":\"EntryPoint\",\"urlTemplate\":\"https:\/\/massif-central.nous-voyageurs.eu\/?s={search_term_string}\"},\"query-input\":\"required name=search_term_string\"}],\"inLanguage\":\"fr-FR\"},{\"@type\":\"Person\",\"@id\":\"https:\/\/massif-central.nous-voyageurs.eu\/#\/schema\/person\/ce5522fcb3c388ffab12110fd4ac0715\",\"name\":\"Collectif des Usagers des Transports du Haut-Allier\",\"image\":{\"@type\":\"ImageObject\",\"inLanguage\":\"fr-FR\",\"@id\":\"https:\/\/massif-central.nous-voyageurs.eu\/#\/schema\/person\/image\/\",\"url\":\"https:\/\/secure.gravatar.com\/avatar\/9bc344f0b513a88b649f805f626ca9fd?s=96&d=identicon&r=g\",\"contentUrl\":\"https:\/\/secure.gravatar.com\/avatar\/9bc344f0b513a88b649f805f626ca9fd?s=96&d=identicon&r=g\",\"caption\":\"Collectif des Usagers des Transports du Haut-Allier\"},\"sameAs\":[\"http:\/\/usagers-transports.haut-allier.eu\/\"],\"url\":\"https:\/\/massif-central.nous-voyageurs.eu\/?author=3\"}]}<\/script>\n<!-- \/ Yoast SEO plugin. -->","yoast_head_json":{"title":"Le rapport du Comit\u00e9 d'Orientation des Infrastructures est paru - Nous, Voyageurs ! Massif Central","robots":{"index":"index","follow":"follow","max-snippet":"max-snippet:-1","max-image-preview":"max-image-preview:large","max-video-preview":"max-video-preview:-1"},"canonical":"https:\/\/massif-central.nous-voyageurs.eu\/?p=35868","og_locale":"fr_FR","og_type":"article","og_title":"Le rapport du Comit\u00e9 d'Orientation des Infrastructures est paru - Nous, Voyageurs ! Massif Central","og_description":"Il comprend un grand volet concernant le ferroviaire et \u00e9tait tr\u00e8s attendu des usagers, des acteurs de la mobilit\u00e9, des \u00e9lus et du ministre des transports. Pr\u00e9sid\u00e9 par David Valence le COI a rendu un rapport qui conseille beaucoup plus de financement pour le train que n'en veut le gouvernement. Mais aucun miracle en vue pour le Massif central, toujours laiss\u00e9 \u00e0 la tra\u00eene et d\u00e9consid\u00e9r\u00e9. Rien ne prouve que les recommandations du rapport seront suivies d'effet. Mais si vous avez le temps et la curiosit\u00e9 (...)  - Actualit\u00e9s","og_url":"https:\/\/massif-central.nous-voyageurs.eu\/?p=35868","og_site_name":"Nous, Voyageurs ! Massif Central","article_published_time":"2023-01-17T20:39:09+00:00","og_image":[{"width":640,"height":480,"url":"https:\/\/massif-central.nous-voyageurs.eu\/wp-content\/uploads\/2023\/01\/le-rapport-du-comit\u00e9-dorientation-des-infrastructures-est-paru.jpg","type":"image\/jpeg"}],"author":"Collectif des Usagers des Transports du Haut-Allier","twitter_card":"summary_large_image","twitter_misc":{"\u00c9crit par":"Collectif des Usagers des Transports du Haut-Allier","Dur\u00e9e de lecture estim\u00e9e":"3 minutes"},"schema":{"@context":"https:\/\/schema.org","@graph":[{"@type":"WebPage","@id":"https:\/\/massif-central.nous-voyageurs.eu\/?p=35868","url":"https:\/\/massif-central.nous-voyageurs.eu\/?p=35868","name":"Le rapport du Comit\u00e9 d'Orientation des Infrastructures est paru - Nous, Voyageurs ! Massif Central","isPartOf":{"@id":"https:\/\/massif-central.nous-voyageurs.eu\/#website"},"datePublished":"2023-01-17T20:39:09+00:00","dateModified":"2023-01-17T20:39:09+00:00","author":{"@id":"https:\/\/massif-central.nous-voyageurs.eu\/#\/schema\/person\/ce5522fcb3c388ffab12110fd4ac0715"},"breadcrumb":{"@id":"https:\/\/massif-central.nous-voyageurs.eu\/?p=35868#breadcrumb"},"inLanguage":"fr-FR","potentialAction":[{"@type":"ReadAction","target":["https:\/\/massif-central.nous-voyageurs.eu\/?p=35868"]}]},{"@type":"BreadcrumbList","@id":"https:\/\/massif-central.nous-voyageurs.eu\/?p=35868#breadcrumb","itemListElement":[{"@type":"ListItem","position":1,"name":"Accueil","item":"https:\/\/massif-central.nous-voyageurs.eu\/"},{"@type":"ListItem","position":2,"name":"Le rapport du Comit\u00e9 d&rsquo;Orientation des Infrastructures est paru"}]},{"@type":"WebSite","@id":"https:\/\/massif-central.nous-voyageurs.eu\/#website","url":"https:\/\/massif-central.nous-voyageurs.eu\/","name":"Nous, Voyageurs ! Massif Central","description":"Les usagers du Massif central fran\u00e7ais ensemble dans un collectif ind\u00e9pendant","potentialAction":[{"@type":"SearchAction","target":{"@type":"EntryPoint","urlTemplate":"https:\/\/massif-central.nous-voyageurs.eu\/?s={search_term_string}"},"query-input":"required name=search_term_string"}],"inLanguage":"fr-FR"},{"@type":"Person","@id":"https:\/\/massif-central.nous-voyageurs.eu\/#\/schema\/person\/ce5522fcb3c388ffab12110fd4ac0715","name":"Collectif des Usagers des Transports du Haut-Allier","image":{"@type":"ImageObject","inLanguage":"fr-FR","@id":"https:\/\/massif-central.nous-voyageurs.eu\/#\/schema\/person\/image\/","url":"https:\/\/secure.gravatar.com\/avatar\/9bc344f0b513a88b649f805f626ca9fd?s=96&d=identicon&r=g","contentUrl":"https:\/\/secure.gravatar.com\/avatar\/9bc344f0b513a88b649f805f626ca9fd?s=96&d=identicon&r=g","caption":"Collectif des Usagers des Transports du Haut-Allier"},"sameAs":["http:\/\/usagers-transports.haut-allier.eu\/"],"url":"https:\/\/massif-central.nous-voyageurs.eu\/?author=3"}]}},"_links":{"self":[{"href":"https:\/\/massif-central.nous-voyageurs.eu\/index.php?rest_route=\/wp\/v2\/posts\/35868"}],"collection":[{"href":"https:\/\/massif-central.nous-voyageurs.eu\/index.php?rest_route=\/wp\/v2\/posts"}],"about":[{"href":"https:\/\/massif-central.nous-voyageurs.eu\/index.php?rest_route=\/wp\/v2\/types\/post"}],"author":[{"embeddable":true,"href":"https:\/\/massif-central.nous-voyageurs.eu\/index.php?rest_route=\/wp\/v2\/users\/3"}],"replies":[{"embeddable":true,"href":"https:\/\/massif-central.nous-voyageurs.eu\/index.php?rest_route=%2Fwp%2Fv2%2Fcomments&post=35868"}],"version-history":[{"count":1,"href":"https:\/\/massif-central.nous-voyageurs.eu\/index.php?rest_route=\/wp\/v2\/posts\/35868\/revisions"}],"predecessor-version":[{"id":35870,"href":"https:\/\/massif-central.nous-voyageurs.eu\/index.php?rest_route=\/wp\/v2\/posts\/35868\/revisions\/35870"}],"wp:featuredmedia":[{"embeddable":true,"href":"https:\/\/massif-central.nous-voyageurs.eu\/index.php?rest_route=\/wp\/v2\/media\/35871"}],"wp:attachment":[{"href":"https:\/\/massif-central.nous-voyageurs.eu\/index.php?rest_route=%2Fwp%2Fv2%2Fmedia&parent=35868"}],"wp:term":[{"taxonomy":"category","embeddable":true,"href":"https:\/\/massif-central.nous-voyageurs.eu\/index.php?rest_route=%2Fwp%2Fv2%2Fcategories&post=35868"},{"taxonomy":"post_tag","embeddable":true,"href":"https:\/\/massif-central.nous-voyageurs.eu\/index.php?rest_route=%2Fwp%2Fv2%2Ftags&post=35868"}],"curies":[{"name":"wp","href":"https:\/\/api.w.org\/{rel}","templated":true}]}}